{"id":28063,"date":"2026-04-30T21:37:00","date_gmt":"2026-04-30T21:37:00","guid":{"rendered":"https:\/\/www.abchukuk.com\/index.php\/2026\/04\/30\/resmi-gazetede-yayimlandi-dogum-izni-24-haftaya-cikarildi-15-yas-altina-sosyal-medya-yasagi\/"},"modified":"2026-04-30T21:37:00","modified_gmt":"2026-04-30T21:37:00","slug":"resmi-gazetede-yayimlandi-dogum-izni-24-haftaya-cikarildi-15-yas-altina-sosyal-medya-yasagi","status":"publish","type":"post","link":"https:\/\/www.abchukuk.com\/index.php\/2026\/04\/30\/resmi-gazetede-yayimlandi-dogum-izni-24-haftaya-cikarildi-15-yas-altina-sosyal-medya-yasagi\/","title":{"rendered":"Resmi Gazete\u2019de yay\u0131mland\u0131: Do\u011fum izni 24 haftaya \u00e7\u0131kar\u0131ld\u0131, 15 ya\u015f alt\u0131na sosyal medya yasa\u011f\u0131"},"content":{"rendered":"<p>Do\u011fum iznini 16 haftadan 24 haftaya \u00e7\u0131karan, 15 ya\u015f\u0131n alt\u0131ndaki \u00e7ocuklara sosyal medya yasa\u011f\u0131 getiren 7578 say\u0131l\u0131 Sosyal Hizmetler Kanunu ve Baz\u0131 Kanunlarda De\u011fi\u015fiklik Yap\u0131lmas\u0131na Dair Kanun, Resmi Gazete&#8217;de yay\u0131mland\u0131.Do\u011fum iznini 16 haftadan 24 haftaya \u00e7\u0131karan, 15 ya\u015f\u0131n alt\u0131ndaki \u00e7ocuklara sosyal medya yasa\u011f\u0131 getiren 7578 say\u0131l\u0131 Sosyal Hizmetler Kanunu ve Baz\u0131 Kanunlarda De\u011fi\u015fiklik Yap\u0131lmas\u0131na Dair Kanun, Resmi Gazete&#8217;de yay\u0131mland\u0131.\u00a0<a href=\"https:\/\/www.cumhuriyet.com.tr\/turkiye\/resmi-gazete-de-yayimlandi-dogum-izni-24-haftaya-cikarildi-15-yas-altina-sosyal-medya-yasagi-2500054\" target=\"_blank\" class=\"feedzy-rss-link-icon\">Read More<\/a><\/p>","protected":false},"excerpt":{"rendered":"<p>Do\u011fum iznini 16 haftadan 24 haftaya \u00e7\u0131karan, 15 ya\u015f\u0131n alt\u0131ndaki \u00e7ocuklara sosyal medya yasa\u011f\u0131 getiren 7578 say\u0131l\u0131 Sosyal Hizmetler Kanunu ve Baz\u0131 Kanunlarda De\u011fi\u015fiklik Yap\u0131lmas\u0131na Dair Kanun, Resmi Gazete&#8217;de yay\u0131mland\u0131.Do\u011fum iznini 16 haftadan 24 haftaya \u00e7\u0131karan, 15 ya\u015f\u0131n alt\u0131ndaki \u00e7ocuklara sosyal medya yasa\u011f\u0131 getiren 7578 say\u0131l\u0131 Sosyal Hizmetler Kanunu ve Baz\u0131 Kanunlarda De\u011fi\u015fiklik Yap\u0131lmas\u0131na Dair [&hellip;]<\/p>\n","protected":false},"author":1,"featured_media":28064,"comment_status":"open","ping_status":"open","sticky":false,"template":"","format":"standard","meta":{"footnotes":"","_links_to":"","_links_to_target":""},"categories":[1],"tags":[],"class_list":["post-28063","post","type-post","status-publish","format-standard","has-post-thumbnail","hentry","category-haberler"],"_links":{"self":[{"href":"https:\/\/www.abchukuk.com\/index.php\/wp-json\/wp\/v2\/posts\/28063","targetHints":{"allow":["GET"]}}],"collection":[{"href":"https:\/\/www.abchukuk.com\/index.php\/wp-json\/wp\/v2\/posts"}],"about":[{"href":"https:\/\/www.abchukuk.com\/index.php\/wp-json\/wp\/v2\/types\/post"}],"author":[{"embeddable":true,"href":"https:\/\/www.abchukuk.com\/index.php\/wp-json\/wp\/v2\/users\/1"}],"replies":[{"embeddable":true,"href":"https:\/\/www.abchukuk.com\/index.php\/wp-json\/wp\/v2\/comments?post=28063"}],"version-history":[{"count":0,"href":"https:\/\/www.abchukuk.com\/index.php\/wp-json\/wp\/v2\/posts\/28063\/revisions"}],"wp:featuredmedia":[{"embeddable":true,"href":"https:\/\/www.abchukuk.com\/index.php\/wp-json\/wp\/v2\/media\/28064"}],"wp:attachment":[{"href":"https:\/\/www.abchukuk.com\/index.php\/wp-json\/wp\/v2\/media?parent=28063"}],"wp:term":[{"taxonomy":"category","embeddable":true,"href":"https:\/\/www.abchukuk.com\/index.php\/wp-json\/wp\/v2\/categories?post=28063"},{"taxonomy":"post_tag","embeddable":true,"href":"https:\/\/www.abchukuk.com\/index.php\/wp-json\/wp\/v2\/tags?post=28063"}],"curies":[{"name":"wp","href":"https:\/\/api.w.org\/{rel}","templated":true}]}}