{"id":28060,"date":"2026-04-30T19:44:08","date_gmt":"2026-04-30T19:44:08","guid":{"rendered":"https:\/\/www.abchukuk.com\/index.php\/2026\/04\/30\/avukat-kocaefe-cinayetinde-7-supheli-sorgulaniyor\/"},"modified":"2026-04-30T19:44:08","modified_gmt":"2026-04-30T19:44:08","slug":"avukat-kocaefe-cinayetinde-7-supheli-sorgulaniyor","status":"publish","type":"post","link":"https:\/\/www.abchukuk.com\/index.php\/2026\/04\/30\/avukat-kocaefe-cinayetinde-7-supheli-sorgulaniyor\/","title":{"rendered":"AVUKAT KOCAEFE  C\u0130NAYET\u0130NDE 7 \u015e\u00dcPHEL\u0130 SORGULANIYOR!"},"content":{"rendered":"<hr \/>\n<p class=\"p1\">\n<\/p><p class=\"p1\"><span class=\"s1\">YOL ORTASINDA KUR\u015eUN YA\u011eMURU<\/span><\/p>\n<p class=\"p1\"><span class=\"s2\">Olay, <\/span><span class=\"s3\">G\u00fcrsu<\/span><span class=\"s2\">\u2019ya ba\u011fl\u0131 <\/span><span class=\"s3\">A\u011fak\u00f6y Mahallesi<\/span><span class=\"s2\">\u2019nde meydana geldi. \u0130ddiaya g\u00f6re, seyir halindeki bir ara\u00e7tan yolda y\u00fcr\u00fcyen gruba ate\u015f a\u00e7\u0131ld\u0131. A\u00e7\u0131lan ate\u015f sonucu avukat Hatice Kocaefe a\u011f\u0131r yaralan\u0131rken, ablas\u0131 <\/span><span class=\"s3\">Elif \u00c7al\u0131\u015fkan<\/span><span class=\"s2\"> da sald\u0131r\u0131da yaraland\u0131.<\/span><\/p>\n<p class=\"p1\"><span class=\"s2\">Hastaneye kald\u0131r\u0131lan Kocaefe, t\u00fcm m\u00fcdahalelere ra\u011fmen kurtar\u0131lamad\u0131.<\/span><\/p>\n<p class=\"p1\"><span class=\"s1\">SALDIRI SONRASI 7 G\u00d6ZALTI<\/span><\/p>\n<p class=\"p1\"><span class=\"s2\">Soru\u015fturmay\u0131 derinle\u015ftiren ekipler, sald\u0131r\u0131ya kar\u0131\u015ft\u0131\u011f\u0131 de\u011ferlendirilen 7 \u015f\u00fcpheliyi g\u00f6zalt\u0131na ald\u0131. Ate\u015fi a\u00e7t\u0131\u011f\u0131 \u00f6ne s\u00fcr\u00fclen <\/span><span class=\"s3\">Hakk\u0131 \u00c7.<\/span><span class=\"s2\">\u2019nin de yakalananlar aras\u0131nda oldu\u011fu \u00f6\u011frenildi.<\/span><\/p>\n<p class=\"p1\"><span class=\"s2\">\u015e\u00fcphelilerin emniyetteki sorgular\u0131 s\u00fcrerken, olay\u0131n t\u00fcm ba\u011flant\u0131lar\u0131yla ayd\u0131nlat\u0131lmas\u0131 i\u00e7in \u00e7al\u0131\u015fmalar devam ediyor.<\/span><\/p>\n<p class=\"p1\"><span class=\"s1\">\u201cALACAK MESELES\u0130\u201d \u0130DD\u0130ASI<\/span><\/p>\n<p class=\"p1\"><span class=\"s2\">Hayat\u0131n\u0131 kaybeden avukat\u0131n babas\u0131 <\/span><span class=\"s3\">Rahmi Kocaefe<\/span><span class=\"s2\">, sald\u0131r\u0131n\u0131n arka plan\u0131na ili\u015fkin dikkat \u00e7eken a\u00e7\u0131klamalarda bulundu.<\/span><\/p>\n<p class=\"p1\"><span class=\"s2\">Aile i\u015fletmeleri nedeniyle taraflar aras\u0131nda alacak verecek meselesi bulundu\u011funu belirten baba Kocaefe, k\u0131zlar\u0131n\u0131n bir s\u00fcredir tehdit edildi\u011fini \u00f6ne s\u00fcrd\u00fc. Avukat Hatice Kocaefe\u2019nin alacaklara ili\u015fkin hukuki s\u00fcre\u00e7 ba\u015flatmas\u0131n\u0131n ard\u0131ndan olay\u0131n ya\u015fand\u0131\u011f\u0131n\u0131 ifade etti.<\/span><\/p>\n<p class=\"p1\"><span class=\"s1\">B\u0130R BA\u015eARI H\u0130K\u00c2YES\u0130 YARIM KALDI<\/span><\/p>\n<p class=\"p1\"><span class=\"s2\">Gen\u00e7 ya\u015fta hayat\u0131n\u0131 kaybeden Hatice Kocaefe\u2019nin dikkat \u00e7eken bir akademik ge\u00e7mi\u015fe sahip oldu\u011fu \u00f6\u011frenildi.<\/span><\/p>\n<p class=\"p1\"><span class=\"s3\">\u0130stanbul \u00dcniversitesi Hukuk Fak\u00fcltesi<\/span><span class=\"s2\"> mezunu olan Kocaefe, e\u011fitim s\u00fcrecinde <\/span><span class=\"s3\">Stanford \u00dcniversitesi<\/span><span class=\"s2\">\u2019nde y\u00fcksek lisans yapt\u0131. Haz\u0131rlad\u0131\u011f\u0131 tez uluslararas\u0131 bir dergide yay\u0131mlan\u0131rken, Birle\u015fmi\u015f Milletler \u0130klim De\u011fi\u015fikli\u011fi Program\u0131\u2019nda da g\u00f6rev ald\u0131\u011f\u0131 belirtildi.<\/span><\/p>\n<p class=\"p1\"><span class=\"s1\">CENAZE BURSA\u2019DA DEFNED\u0130LD\u0130<\/span><\/p>\n<p class=\"p1\"><span class=\"s3\">\u0130stanbul Barosu<\/span><span class=\"s2\">\u2019na kay\u0131tl\u0131 olan Kocaefe, Bursa\u2019da k\u0131l\u0131nan cenaze namaz\u0131n\u0131n ard\u0131ndan topra\u011fa verildi.<\/span><\/p>\n<p class=\"p1\"><span class=\"s2\">Yaral\u0131 olarak kurtulan Elif \u00c7al\u0131\u015fkan\u2019\u0131n ise tedavisinin s\u00fcrd\u00fc\u011f\u00fc \u00f6\u011frenildi.<\/span><\/p>\n<p class=\"p1\"><span class=\"s1\">ADALET VURGUSU<\/span><\/p>\n<p class=\"p1\"><span class=\"s2\">Ac\u0131l\u0131 baba, \u201cYarg\u0131ya g\u00fcveniyorum\u201d diyerek sorumlular\u0131n en a\u011f\u0131r cezay\u0131 almas\u0131n\u0131 istedi. Olay\u0131n, benzer su\u00e7lara kar\u015f\u0131 cayd\u0131r\u0131c\u0131 bir \u00f6rnek olmas\u0131 gerekti\u011fini vurgulad\u0131.<\/span><\/p>\n<p class=\"p1\"><span class=\"s2\">#ET\u0130KETLER<\/span><\/p>\n<p class=\"p1\"><span class=\"s2\">#HaticeKocaefe #Bursa #G\u00fcrsu #AvukatCinayeti #SonDakika #Adliye #G\u00f6zalt\u0131 #Haber<\/span><\/p>\n<p>Gen\u00e7 avukat Hatice Kocaefe\u2019nin Bursa\u2019da u\u011frad\u0131\u011f\u0131 silahl\u0131 sald\u0131r\u0131da hayat\u0131n\u0131 kaybetmesine ili\u015fkin y\u00fcr\u00fct\u00fclen soru\u015fturmada 7 \u015f\u00fcpheli yakaland\u0131. Olay\u0131n \u201calacak verecek\u201d meselesinden kaynakland\u0131\u011f\u0131 iddias\u0131 dosyada \u00f6ne \u00e7\u0131kan ba\u015fl\u0131k oldu.Avukat Kocaefe\u2019nin ailesi yarg\u0131ya g\u00fcvendiklerini s\u00f6yledi.\u00a0<a href=\"https:\/\/www.son.tv\/avukat-kocaefe-cinayetinde-7-supheli-sorgulaniyor\/\" target=\"_blank\" class=\"feedzy-rss-link-icon\">Read More<\/a><\/p>","protected":false},"excerpt":{"rendered":"<p>YOL ORTASINDA KUR\u015eUN YA\u011eMURU Olay, G\u00fcrsu\u2019ya ba\u011fl\u0131 A\u011fak\u00f6y Mahallesi\u2019nde meydana geldi. \u0130ddiaya g\u00f6re, seyir halindeki bir ara\u00e7tan yolda y\u00fcr\u00fcyen gruba ate\u015f a\u00e7\u0131ld\u0131. A\u00e7\u0131lan ate\u015f sonucu avukat Hatice Kocaefe a\u011f\u0131r yaralan\u0131rken, ablas\u0131 Elif \u00c7al\u0131\u015fkan da sald\u0131r\u0131da yaraland\u0131. Hastaneye kald\u0131r\u0131lan Kocaefe, t\u00fcm m\u00fcdahalelere ra\u011fmen kurtar\u0131lamad\u0131. SALDIRI SONRASI 7 G\u00d6ZALTI Soru\u015fturmay\u0131 derinle\u015ftiren ekipler, sald\u0131r\u0131ya kar\u0131\u015ft\u0131\u011f\u0131 de\u011ferlendirilen 7 \u015f\u00fcpheliyi [&hellip;]<\/p>\n","protected":false},"author":1,"featured_media":0,"comment_status":"open","ping_status":"open","sticky":false,"template":"","format":"standard","meta":{"footnotes":"","_links_to":"","_links_to_target":""},"categories":[1],"tags":[],"class_list":["post-28060","post","type-post","status-publish","format-standard","hentry","category-haberler"],"_links":{"self":[{"href":"https:\/\/www.abchukuk.com\/index.php\/wp-json\/wp\/v2\/posts\/28060","targetHints":{"allow":["GET"]}}],"collection":[{"href":"https:\/\/www.abchukuk.com\/index.php\/wp-json\/wp\/v2\/posts"}],"about":[{"href":"https:\/\/www.abchukuk.com\/index.php\/wp-json\/wp\/v2\/types\/post"}],"author":[{"embeddable":true,"href":"https:\/\/www.abchukuk.com\/index.php\/wp-json\/wp\/v2\/users\/1"}],"replies":[{"embeddable":true,"href":"https:\/\/www.abchukuk.com\/index.php\/wp-json\/wp\/v2\/comments?post=28060"}],"version-history":[{"count":0,"href":"https:\/\/www.abchukuk.com\/index.php\/wp-json\/wp\/v2\/posts\/28060\/revisions"}],"wp:attachment":[{"href":"https:\/\/www.abchukuk.com\/index.php\/wp-json\/wp\/v2\/media?parent=28060"}],"wp:term":[{"taxonomy":"category","embeddable":true,"href":"https:\/\/www.abchukuk.com\/index.php\/wp-json\/wp\/v2\/categories?post=28060"},{"taxonomy":"post_tag","embeddable":true,"href":"https:\/\/www.abchukuk.com\/index.php\/wp-json\/wp\/v2\/tags?post=28060"}],"curies":[{"name":"wp","href":"https:\/\/api.w.org\/{rel}","templated":true}]}}