{"id":28056,"date":"2026-04-30T20:14:37","date_gmt":"2026-04-30T20:14:37","guid":{"rendered":"https:\/\/www.abchukuk.com\/index.php\/2026\/04\/30\/bakan-gurlek-hic-kimse-hakimlik-ve-savcilik-sifatini-istismar-edemez\/"},"modified":"2026-04-30T20:14:37","modified_gmt":"2026-04-30T20:14:37","slug":"bakan-gurlek-hic-kimse-hakimlik-ve-savcilik-sifatini-istismar-edemez","status":"publish","type":"post","link":"https:\/\/www.abchukuk.com\/index.php\/2026\/04\/30\/bakan-gurlek-hic-kimse-hakimlik-ve-savcilik-sifatini-istismar-edemez\/","title":{"rendered":"Bakan G\u00fcrlek: \u201cHi\u00e7 kimse Hakimlik ve Savc\u0131l\u0131k s\u0131fat\u0131n\u0131 istismar edemez\u201d"},"content":{"rendered":"<p class=\"p1\">\u0130stanbul Ata\u015fehir\u2019de trafikte ya\u015fanan ve sosyal medyada g\u00fcndem olan olayda, bir vatanda\u015f\u0131 uyaran ki\u015fiye \u201chakim-savc\u0131y\u0131m\u201d diyerek kart g\u00f6steren ki\u015finin tart\u0131\u015fma s\u0131ras\u0131nda kendisini yarg\u0131 mensubu olarak tan\u0131tt\u0131\u011f\u0131 ve \u201cBen sana yapaca\u011f\u0131m\u0131 biliyorum\u201d \u015feklinde ifadeler kulland\u0131\u011f\u0131 g\u00f6r\u00fcld\u00fc.<\/p>\n<p class=\"p1\"><span class=\"s1\">BA\u015eSAVCILIK: \u201cH\u00c2K\u0130M VE SAVCI DE\u011e\u0130L\u201d <\/span><\/p>\n<p class=\"p1\"><span class=\"s1\">\u0130stanbul Anadolu Cumhuriyet Ba\u015fsavc\u0131l\u0131\u011f\u0131 \u0131 taraf\u0131ndan yap\u0131lan a\u00e7\u0131klamada, \u00fczerinde \u201ch\u00e2kim\/savc\u0131\u201d ibaresi bulunan kart\u0131 g\u00f6sterdi\u011fi iddia edilen \u0130.E. isimli ki\u015finin bu unvana sahip olmad\u0131\u011f\u0131 tespit edildi. Ba\u015fsavc\u0131l\u0131k, olayda kar\u015f\u0131l\u0131kl\u0131 bir tart\u0131\u015fma ya\u015fand\u0131\u011f\u0131n\u0131 ve her iki ki\u015fi hakk\u0131nda da adli s\u00fcre\u00e7 ba\u015flat\u0131ld\u0131\u011f\u0131n\u0131 duyurdu. \u015e\u00fcpheliler hakk\u0131nda \u201ctehdit\u201d, \u201ckamu g\u00f6revinin usuls\u00fcz \u00fcstlenilmesi\u201d ve \u201c\u00f6zel hayat\u0131n gizlili\u011fini ihlal\u201d su\u00e7lamalar\u0131yla soru\u015fturma y\u00fcr\u00fct\u00fcld\u00fc\u011f\u00fc bildirildi.<\/span><\/p>\n<p class=\"p1\"><span class=\"s1\">BAKAN G\u00dcRLEK: \u201cDERHAL SORU\u015eTURMA BA\u015eLATILMI\u015eTIR\u201d<\/span><\/p>\n<p class=\"p1\"><span class=\"s1\">Adalet Bakan\u0131 Ak\u0131n G\u00fcrlek ya\u015fanan olaya ili\u015fkin yapm\u0131\u015f oldu\u011fu a\u00e7\u0131klamada, \u201cBug\u00fcn \u0130stanbul Ata\u015fehir\u2019de meydana gelen olayda; yarg\u0131 mensubu olmad\u0131\u011f\u0131 h\u00e2lde \u201ch\u00e2kim\/savc\u0131\u201d s\u0131fat\u0131n\u0131 kullanarak bir vatanda\u015f\u0131m\u0131z\u0131 tehdit eden \u015fah\u0131s hakk\u0131nda derhal adli soru\u015fturma ba\u015flat\u0131lm\u0131\u015ft\u0131r\u201d dedi.<\/span><\/p>\n<p class=\"p1\"><span class=\"s1\">\u201cH\u0130\u00c7 K\u0130MSE HAK\u0130ML\u0130K VE SAVCILIK SIFATINI \u0130ST\u0130SMAR EDEMEZ\u201d<\/span><\/p>\n<p class=\"p1\"><span class=\"s1\">H\u00e2kimlik ve savc\u0131l\u0131k mesle\u011finin, hukuk devletinin teminat\u0131 ve milletin adalet duygusunun en g\u00fc\u00e7l\u00fc g\u00fcvencelerinden biri oldu\u011funu belirten G\u00fcrlek, \u201cHi\u00e7 kimse bu s\u0131fat\u0131 istismar ederek kendisine n\u00fcfuz dev\u015firemez. Adalet te\u015fkilat\u0131n\u0131n ad\u0131n\u0131 kullanarak toplumsal huzuru bozmaya \u00e7al\u0131\u015fanlara asla m\u00fcsamaha g\u00f6sterilmeyecek; yarg\u0131 te\u015fkilat\u0131m\u0131z\u0131n sayg\u0131nl\u0131\u011f\u0131n\u0131 hedef alan her t\u00fcrl\u00fc giri\u015fime kar\u015f\u0131 gerekli t\u00fcm adli ve idari i\u015flemler kararl\u0131l\u0131kla y\u00fcr\u00fct\u00fclecektir. Hukukun \u00fcst\u00fcnl\u00fc\u011f\u00fcn\u00fc, yarg\u0131 mensuplar\u0131m\u0131z\u0131n onurunu ve vatanda\u015flar\u0131m\u0131z\u0131n haklar\u0131n\u0131 korumaya kararl\u0131l\u0131kla devam edece\u011fiz\u201d dedi. <\/span><\/p>\n<p>\u0130stanbul Ata\u015fehir\u2019de trafikte ya\u015fanan olayda, bir ki\u015fiyi uyaran vatanda\u015fa \u201chakim-savc\u0131y\u0131m\u201d diyerek kart g\u00f6steren \u0130.E. isimli \u015fahs\u0131n bu mesle\u011fe mensup olmad\u0131\u011f\u0131 belirlendi. Tart\u0131\u015fma s\u0131ras\u0131nda \u201cBen sana yapaca\u011f\u0131m\u0131 biliyorum\u201d dedi\u011fi de g\u00f6r\u00fcnt\u00fclere yans\u0131d\u0131. \u0130stanbul Anadolu Cumhuriyet Ba\u015fsavc\u0131l\u0131\u011f\u0131, olayla ilgili olarak her iki taraf hakk\u0131nda \u201ctehdit\u201d, \u201ckamu g\u00f6revinin usuls\u00fcz \u00fcstlenilmesi\u201d ve \u201c\u00f6zel hayat\u0131n gizlili\u011fini ihlal\u201d su\u00e7lar\u0131ndan soru\u015fturma ba\u015flatt\u0131. Adalet Bakan\u0131 Ak\u0131n G\u00fcrlek ise, yarg\u0131 mensubu olmad\u0131\u011f\u0131 halde bu s\u0131fat\u0131 kullanan ki\u015fi hakk\u0131nda derhal soru\u015fturma ba\u015flat\u0131ld\u0131\u011f\u0131n\u0131 belirterek, h\u00e2kimlik ve savc\u0131l\u0131k unvanlar\u0131n\u0131n istismar\u0131na izin verilmeyece\u011fini vurgulad\u0131.\u00a0<a href=\"https:\/\/www.son.tv\/bakan-gurlek-hic-kimse-hakimlik-ve-savcilik-sifatini-istismar-edemez\/\" target=\"_blank\" class=\"feedzy-rss-link-icon\">Read More<\/a><\/p>","protected":false},"excerpt":{"rendered":"<p>\u0130stanbul Ata\u015fehir\u2019de trafikte ya\u015fanan ve sosyal medyada g\u00fcndem olan olayda, bir vatanda\u015f\u0131 uyaran ki\u015fiye \u201chakim-savc\u0131y\u0131m\u201d diyerek kart g\u00f6steren ki\u015finin tart\u0131\u015fma s\u0131ras\u0131nda kendisini yarg\u0131 mensubu olarak tan\u0131tt\u0131\u011f\u0131 ve \u201cBen sana yapaca\u011f\u0131m\u0131 biliyorum\u201d \u015feklinde ifadeler kulland\u0131\u011f\u0131 g\u00f6r\u00fcld\u00fc. BA\u015eSAVCILIK: \u201cH\u00c2K\u0130M VE SAVCI DE\u011e\u0130L\u201d \u0130stanbul Anadolu Cumhuriyet Ba\u015fsavc\u0131l\u0131\u011f\u0131 \u0131 taraf\u0131ndan yap\u0131lan a\u00e7\u0131klamada, \u00fczerinde \u201ch\u00e2kim\/savc\u0131\u201d ibaresi bulunan kart\u0131 g\u00f6sterdi\u011fi iddia [&hellip;]<\/p>\n","protected":false},"author":1,"featured_media":0,"comment_status":"open","ping_status":"open","sticky":false,"template":"","format":"standard","meta":{"footnotes":"","_links_to":"","_links_to_target":""},"categories":[1],"tags":[],"class_list":["post-28056","post","type-post","status-publish","format-standard","hentry","category-haberler"],"_links":{"self":[{"href":"https:\/\/www.abchukuk.com\/index.php\/wp-json\/wp\/v2\/posts\/28056","targetHints":{"allow":["GET"]}}],"collection":[{"href":"https:\/\/www.abchukuk.com\/index.php\/wp-json\/wp\/v2\/posts"}],"about":[{"href":"https:\/\/www.abchukuk.com\/index.php\/wp-json\/wp\/v2\/types\/post"}],"author":[{"embeddable":true,"href":"https:\/\/www.abchukuk.com\/index.php\/wp-json\/wp\/v2\/users\/1"}],"replies":[{"embeddable":true,"href":"https:\/\/www.abchukuk.com\/index.php\/wp-json\/wp\/v2\/comments?post=28056"}],"version-history":[{"count":0,"href":"https:\/\/www.abchukuk.com\/index.php\/wp-json\/wp\/v2\/posts\/28056\/revisions"}],"wp:attachment":[{"href":"https:\/\/www.abchukuk.com\/index.php\/wp-json\/wp\/v2\/media?parent=28056"}],"wp:term":[{"taxonomy":"category","embeddable":true,"href":"https:\/\/www.abchukuk.com\/index.php\/wp-json\/wp\/v2\/categories?post=28056"},{"taxonomy":"post_tag","embeddable":true,"href":"https:\/\/www.abchukuk.com\/index.php\/wp-json\/wp\/v2\/tags?post=28056"}],"curies":[{"name":"wp","href":"https:\/\/api.w.org\/{rel}","templated":true}]}}