{"id":28055,"date":"2026-04-30T20:48:13","date_gmt":"2026-04-30T20:48:13","guid":{"rendered":"https:\/\/www.abchukuk.com\/index.php\/2026\/04\/30\/park-yeri-kavgasinda-sahte-hakim-karti-gostermisti-adalet-bakani-gurlekten-ilk-aciklama\/"},"modified":"2026-04-30T20:48:13","modified_gmt":"2026-04-30T20:48:13","slug":"park-yeri-kavgasinda-sahte-hakim-karti-gostermisti-adalet-bakani-gurlekten-ilk-aciklama","status":"publish","type":"post","link":"https:\/\/www.abchukuk.com\/index.php\/2026\/04\/30\/park-yeri-kavgasinda-sahte-hakim-karti-gostermisti-adalet-bakani-gurlekten-ilk-aciklama\/","title":{"rendered":"Park yeri kavgas\u0131nda sahte hakim kart\u0131 g\u00f6stermi\u015fti: Adalet Bakan\u0131 G\u00fcrlek&#8217;ten ilk a\u00e7\u0131klama"},"content":{"rendered":"<p>Ata\u015fehir\u2019de sahte hakim\/savc\u0131 kart\u0131 g\u00f6sterdi\u011fi belirlenen \u015f\u00fcpheli hakk\u0131nda soru\u015fturma ba\u015flat\u0131ld\u0131. Adalet Bakan\u0131 Ak\u0131n G\u00fcrlek, konuyla ilgili sosyal medya hesab\u0131ndan bir payla\u015f\u0131m yapt\u0131.Ata\u015fehir\u2019de sahte hakim\/savc\u0131 kart\u0131 g\u00f6sterdi\u011fi belirlenen \u015f\u00fcpheli hakk\u0131nda soru\u015fturma ba\u015flat\u0131ld\u0131. Adalet Bakan\u0131 Ak\u0131n G\u00fcrlek, konuyla ilgili sosyal medya hesab\u0131ndan bir payla\u015f\u0131m yapt\u0131.\u00a0<a href=\"https:\/\/anlatilaninotesi.com.tr\/20260430\/park-yeri-kavgasinda-sahte-hakim-karti-gostermisti-adalet-bakani-gurlekten-ilk-aciklama-1105410013.html\" target=\"_blank\" class=\"feedzy-rss-link-icon\">Read More<\/a><\/p>","protected":false},"excerpt":{"rendered":"<p>Ata\u015fehir\u2019de sahte hakim\/savc\u0131 kart\u0131 g\u00f6sterdi\u011fi belirlenen \u015f\u00fcpheli hakk\u0131nda soru\u015fturma ba\u015flat\u0131ld\u0131. Adalet Bakan\u0131 Ak\u0131n G\u00fcrlek, konuyla ilgili sosyal medya hesab\u0131ndan bir payla\u015f\u0131m yapt\u0131.Ata\u015fehir\u2019de sahte hakim\/savc\u0131 kart\u0131 g\u00f6sterdi\u011fi belirlenen \u015f\u00fcpheli hakk\u0131nda soru\u015fturma ba\u015flat\u0131ld\u0131. Adalet Bakan\u0131 Ak\u0131n G\u00fcrlek, konuyla ilgili sosyal medya hesab\u0131ndan bir payla\u015f\u0131m yapt\u0131.\u00a0Read More<\/p>\n","protected":false},"author":1,"featured_media":0,"comment_status":"open","ping_status":"open","sticky":false,"template":"","format":"standard","meta":{"footnotes":"","_links_to":"","_links_to_target":""},"categories":[1],"tags":[],"class_list":["post-28055","post","type-post","status-publish","format-standard","hentry","category-haberler"],"_links":{"self":[{"href":"https:\/\/www.abchukuk.com\/index.php\/wp-json\/wp\/v2\/posts\/28055","targetHints":{"allow":["GET"]}}],"collection":[{"href":"https:\/\/www.abchukuk.com\/index.php\/wp-json\/wp\/v2\/posts"}],"about":[{"href":"https:\/\/www.abchukuk.com\/index.php\/wp-json\/wp\/v2\/types\/post"}],"author":[{"embeddable":true,"href":"https:\/\/www.abchukuk.com\/index.php\/wp-json\/wp\/v2\/users\/1"}],"replies":[{"embeddable":true,"href":"https:\/\/www.abchukuk.com\/index.php\/wp-json\/wp\/v2\/comments?post=28055"}],"version-history":[{"count":0,"href":"https:\/\/www.abchukuk.com\/index.php\/wp-json\/wp\/v2\/posts\/28055\/revisions"}],"wp:attachment":[{"href":"https:\/\/www.abchukuk.com\/index.php\/wp-json\/wp\/v2\/media?parent=28055"}],"wp:term":[{"taxonomy":"category","embeddable":true,"href":"https:\/\/www.abchukuk.com\/index.php\/wp-json\/wp\/v2\/categories?post=28055"},{"taxonomy":"post_tag","embeddable":true,"href":"https:\/\/www.abchukuk.com\/index.php\/wp-json\/wp\/v2\/tags?post=28055"}],"curies":[{"name":"wp","href":"https:\/\/api.w.org\/{rel}","templated":true}]}}