{"id":28046,"date":"2026-04-30T18:48:53","date_gmt":"2026-04-30T18:48:53","guid":{"rendered":"https:\/\/www.abchukuk.com\/index.php\/2026\/04\/30\/istanbul-cumhuriyet-bassavciligindan-israilin-kuresel-sumud-filosu-saldirisina-iliskin-resen-sorusturma\/"},"modified":"2026-04-30T18:48:53","modified_gmt":"2026-04-30T18:48:53","slug":"istanbul-cumhuriyet-bassavciligindan-israilin-kuresel-sumud-filosu-saldirisina-iliskin-resen-sorusturma","status":"publish","type":"post","link":"https:\/\/www.abchukuk.com\/index.php\/2026\/04\/30\/istanbul-cumhuriyet-bassavciligindan-israilin-kuresel-sumud-filosu-saldirisina-iliskin-resen-sorusturma\/","title":{"rendered":"\u0130stanbul Cumhuriyet Ba\u015fsavc\u0131l\u0131\u011f\u0131&#8217;ndan \u0130srail&#8217;in K\u00fcresel Sumud Filosu sald\u0131r\u0131s\u0131na ili\u015fkin resen soru\u015fturma"},"content":{"rendered":"<p>Gazze&#8217;ye insani yard\u0131m ula\u015ft\u0131rmak amac\u0131yla yola \u00e7\u0131kan K\u00fcresel Sumud Filosu&#8217;na \u0130srail&#8217;in d\u00fczenledi\u011fi sald\u0131r\u0131ya ili\u015fkin  \u0130stanbul Cumhuriyet Ba\u015fsavc\u0131l\u0131\u011f\u0131&#8217;nca,  resen soru\u015fturma ba\u015flat\u0131ld\u0131.Gazze&#8217;ye insani yard\u0131m ula\u015ft\u0131rmak amac\u0131yla yola \u00e7\u0131kan K\u00fcresel Sumud Filosu&#8217;na \u0130srail&#8217;in d\u00fczenledi\u011fi sald\u0131r\u0131ya ili\u015fkin  \u0130stanbul Cumhuriyet Ba\u015fsavc\u0131l\u0131\u011f\u0131&#8217;nca,  resen soru\u015fturma ba\u015flat\u0131ld\u0131.\u00a0<a href=\"https:\/\/anlatilaninotesi.com.tr\/20260430\/istanbul-cumhuriyet-bassavciligindan-israilin-kuresel-sumud-filosuna-saldirisina-iliskin-resen-1105408358.html\" target=\"_blank\" class=\"feedzy-rss-link-icon\">Read More<\/a><\/p>","protected":false},"excerpt":{"rendered":"<p>Gazze&#8217;ye insani yard\u0131m ula\u015ft\u0131rmak amac\u0131yla yola \u00e7\u0131kan K\u00fcresel Sumud Filosu&#8217;na \u0130srail&#8217;in d\u00fczenledi\u011fi sald\u0131r\u0131ya ili\u015fkin \u0130stanbul Cumhuriyet Ba\u015fsavc\u0131l\u0131\u011f\u0131&#8217;nca, resen soru\u015fturma ba\u015flat\u0131ld\u0131.Gazze&#8217;ye insani yard\u0131m ula\u015ft\u0131rmak amac\u0131yla yola \u00e7\u0131kan K\u00fcresel Sumud Filosu&#8217;na \u0130srail&#8217;in d\u00fczenledi\u011fi sald\u0131r\u0131ya ili\u015fkin \u0130stanbul Cumhuriyet Ba\u015fsavc\u0131l\u0131\u011f\u0131&#8217;nca, resen soru\u015fturma ba\u015flat\u0131ld\u0131.\u00a0Read More<\/p>\n","protected":false},"author":1,"featured_media":0,"comment_status":"open","ping_status":"open","sticky":false,"template":"","format":"standard","meta":{"footnotes":"","_links_to":"","_links_to_target":""},"categories":[1],"tags":[],"class_list":["post-28046","post","type-post","status-publish","format-standard","hentry","category-haberler"],"_links":{"self":[{"href":"https:\/\/www.abchukuk.com\/index.php\/wp-json\/wp\/v2\/posts\/28046","targetHints":{"allow":["GET"]}}],"collection":[{"href":"https:\/\/www.abchukuk.com\/index.php\/wp-json\/wp\/v2\/posts"}],"about":[{"href":"https:\/\/www.abchukuk.com\/index.php\/wp-json\/wp\/v2\/types\/post"}],"author":[{"embeddable":true,"href":"https:\/\/www.abchukuk.com\/index.php\/wp-json\/wp\/v2\/users\/1"}],"replies":[{"embeddable":true,"href":"https:\/\/www.abchukuk.com\/index.php\/wp-json\/wp\/v2\/comments?post=28046"}],"version-history":[{"count":0,"href":"https:\/\/www.abchukuk.com\/index.php\/wp-json\/wp\/v2\/posts\/28046\/revisions"}],"wp:attachment":[{"href":"https:\/\/www.abchukuk.com\/index.php\/wp-json\/wp\/v2\/media?parent=28046"}],"wp:term":[{"taxonomy":"category","embeddable":true,"href":"https:\/\/www.abchukuk.com\/index.php\/wp-json\/wp\/v2\/categories?post=28046"},{"taxonomy":"post_tag","embeddable":true,"href":"https:\/\/www.abchukuk.com\/index.php\/wp-json\/wp\/v2\/tags?post=28046"}],"curies":[{"name":"wp","href":"https:\/\/api.w.org\/{rel}","templated":true}]}}