{"id":28044,"date":"2026-04-30T18:58:00","date_gmt":"2026-04-30T18:58:00","guid":{"rendered":"https:\/\/www.abchukuk.com\/index.php\/2026\/04\/30\/chpli-elci-narin-guran-cinayetine-iliskin-cinsel-istismar-bulgusunu-gurleke-sordu\/"},"modified":"2026-04-30T18:58:00","modified_gmt":"2026-04-30T18:58:00","slug":"chpli-elci-narin-guran-cinayetine-iliskin-cinsel-istismar-bulgusunu-gurleke-sordu","status":"publish","type":"post","link":"https:\/\/www.abchukuk.com\/index.php\/2026\/04\/30\/chpli-elci-narin-guran-cinayetine-iliskin-cinsel-istismar-bulgusunu-gurleke-sordu\/","title":{"rendered":"CHP\u2019li El\u00e7i, Narin G\u00fcran cinayetine ili\u015fkin \u2018cinsel istismar\u2019 bulgusunu G\u00fcrlek\u2019e sordu"},"content":{"rendered":"<p>CHP\u2019li vekil T\u00fcrkan El\u00e7i, Narin G\u00fcran cinayetine ili\u015fkin Adalet Bakan\u0131 Ak\u0131n G\u00fcrlek\u2019in yan\u0131tlamas\u0131 \u00fczerine soru \u00f6nergesi verdi. Cinayetin ard\u0131ndan Narin G\u00fcran\u2019da tespit edilen PSA bulgular\u0131n\u0131 hat\u0131rlatarak, \u201cS\u00f6z konusu bulgu, cinsel istismar \u015f\u00fcphesi kapsam\u0131nda soru\u015fturmaya dahil edilmi\u015f midir\u201d diye sordu.CHP\u2019li vekil T\u00fcrkan El\u00e7i, Narin G\u00fcran cinayetine ili\u015fkin Adalet Bakan\u0131 Ak\u0131n G\u00fcrlek\u2019in yan\u0131tlamas\u0131 \u00fczerine soru \u00f6nergesi verdi. Cinayetin ard\u0131ndan Narin G\u00fcran\u2019da tespit edilen PSA bulgular\u0131n\u0131 hat\u0131rlatarak, \u201cS\u00f6z konusu bulgu, cinsel istismar \u015f\u00fcphesi kapsam\u0131nda soru\u015fturmaya dahil edilmi\u015f midir\u201d diye sordu.\u00a0<a href=\"https:\/\/www.cumhuriyet.com.tr\/turkiye\/chp-li-elci-narin-guran-cinayetine-iliskin-cinsel-istismar-bulgusunu-gurlek-e-sordu-2500006\" target=\"_blank\" class=\"feedzy-rss-link-icon\">Read More<\/a><\/p>","protected":false},"excerpt":{"rendered":"<p>CHP\u2019li vekil T\u00fcrkan El\u00e7i, Narin G\u00fcran cinayetine ili\u015fkin Adalet Bakan\u0131 Ak\u0131n G\u00fcrlek\u2019in yan\u0131tlamas\u0131 \u00fczerine soru \u00f6nergesi verdi. Cinayetin ard\u0131ndan Narin G\u00fcran\u2019da tespit edilen PSA bulgular\u0131n\u0131 hat\u0131rlatarak, \u201cS\u00f6z konusu bulgu, cinsel istismar \u015f\u00fcphesi kapsam\u0131nda soru\u015fturmaya dahil edilmi\u015f midir\u201d diye sordu.CHP\u2019li vekil T\u00fcrkan El\u00e7i, Narin G\u00fcran cinayetine ili\u015fkin Adalet Bakan\u0131 Ak\u0131n G\u00fcrlek\u2019in yan\u0131tlamas\u0131 \u00fczerine soru \u00f6nergesi verdi. [&hellip;]<\/p>\n","protected":false},"author":1,"featured_media":28045,"comment_status":"open","ping_status":"open","sticky":false,"template":"","format":"standard","meta":{"footnotes":"","_links_to":"","_links_to_target":""},"categories":[1],"tags":[],"class_list":["post-28044","post","type-post","status-publish","format-standard","has-post-thumbnail","hentry","category-haberler"],"_links":{"self":[{"href":"https:\/\/www.abchukuk.com\/index.php\/wp-json\/wp\/v2\/posts\/28044","targetHints":{"allow":["GET"]}}],"collection":[{"href":"https:\/\/www.abchukuk.com\/index.php\/wp-json\/wp\/v2\/posts"}],"about":[{"href":"https:\/\/www.abchukuk.com\/index.php\/wp-json\/wp\/v2\/types\/post"}],"author":[{"embeddable":true,"href":"https:\/\/www.abchukuk.com\/index.php\/wp-json\/wp\/v2\/users\/1"}],"replies":[{"embeddable":true,"href":"https:\/\/www.abchukuk.com\/index.php\/wp-json\/wp\/v2\/comments?post=28044"}],"version-history":[{"count":0,"href":"https:\/\/www.abchukuk.com\/index.php\/wp-json\/wp\/v2\/posts\/28044\/revisions"}],"wp:featuredmedia":[{"embeddable":true,"href":"https:\/\/www.abchukuk.com\/index.php\/wp-json\/wp\/v2\/media\/28045"}],"wp:attachment":[{"href":"https:\/\/www.abchukuk.com\/index.php\/wp-json\/wp\/v2\/media?parent=28044"}],"wp:term":[{"taxonomy":"category","embeddable":true,"href":"https:\/\/www.abchukuk.com\/index.php\/wp-json\/wp\/v2\/categories?post=28044"},{"taxonomy":"post_tag","embeddable":true,"href":"https:\/\/www.abchukuk.com\/index.php\/wp-json\/wp\/v2\/tags?post=28044"}],"curies":[{"name":"wp","href":"https:\/\/api.w.org\/{rel}","templated":true}]}}