{"id":28040,"date":"2026-04-30T16:06:00","date_gmt":"2026-04-30T16:06:00","guid":{"rendered":"https:\/\/www.abchukuk.com\/index.php\/2026\/04\/30\/imamoglu-protestosuna-hapis-cezasi-marmaris-belediye-baskani-ve-chp-il-baskani-da-listede\/"},"modified":"2026-04-30T16:06:00","modified_gmt":"2026-04-30T16:06:00","slug":"imamoglu-protestosuna-hapis-cezasi-marmaris-belediye-baskani-ve-chp-il-baskani-da-listede","status":"publish","type":"post","link":"https:\/\/www.abchukuk.com\/index.php\/2026\/04\/30\/imamoglu-protestosuna-hapis-cezasi-marmaris-belediye-baskani-ve-chp-il-baskani-da-listede\/","title":{"rendered":"\u0130mamo\u011flu protestosuna hapis cezas\u0131! Marmaris Belediye Ba\u015fkan\u0131 ve CHP \u0130l Ba\u015fkan\u0131 da listede"},"content":{"rendered":"<p>Ekrem \u0130mamo\u011flu\u2019nun g\u00f6zalt\u0131na al\u0131nmas\u0131na y\u00f6nelik protestoya kat\u0131lan 10 ki\u015fiye 5\u2019er ay hapis cezas\u0131 verildi; aralar\u0131nda Marmaris Belediye Ba\u015fkan\u0131 Acar \u00dcnl\u00fc ve CHP \u0130l Ba\u015fkan\u0131 Nail K\u0131z\u0131l da bulunuyor.Ekrem \u0130mamo\u011flu\u2019nun g\u00f6zalt\u0131na al\u0131nmas\u0131na y\u00f6nelik protestoya kat\u0131lan 10 ki\u015fiye 5\u2019er ay hapis cezas\u0131 verildi; aralar\u0131nda Marmaris Belediye Ba\u015fkan\u0131 Acar \u00dcnl\u00fc ve CHP \u0130l Ba\u015fkan\u0131 Nail K\u0131z\u0131l da bulunuyor.\u00a0<a href=\"https:\/\/www.cumhuriyet.com.tr\/turkiye\/imamoglu-protestosuna-hapis-cezasi-marmaris-belediye-baskani-ve-chp-il-baskani-da-listede-2499975\" target=\"_blank\" class=\"feedzy-rss-link-icon\">Read More<\/a><\/p>","protected":false},"excerpt":{"rendered":"<p>Ekrem \u0130mamo\u011flu\u2019nun g\u00f6zalt\u0131na al\u0131nmas\u0131na y\u00f6nelik protestoya kat\u0131lan 10 ki\u015fiye 5\u2019er ay hapis cezas\u0131 verildi; aralar\u0131nda Marmaris Belediye Ba\u015fkan\u0131 Acar \u00dcnl\u00fc ve CHP \u0130l Ba\u015fkan\u0131 Nail K\u0131z\u0131l da bulunuyor.Ekrem \u0130mamo\u011flu\u2019nun g\u00f6zalt\u0131na al\u0131nmas\u0131na y\u00f6nelik protestoya kat\u0131lan 10 ki\u015fiye 5\u2019er ay hapis cezas\u0131 verildi; aralar\u0131nda Marmaris Belediye Ba\u015fkan\u0131 Acar \u00dcnl\u00fc ve CHP \u0130l Ba\u015fkan\u0131 Nail K\u0131z\u0131l da bulunuyor.\u00a0Read [&hellip;]<\/p>\n","protected":false},"author":1,"featured_media":28041,"comment_status":"open","ping_status":"open","sticky":false,"template":"","format":"standard","meta":{"footnotes":"","_links_to":"","_links_to_target":""},"categories":[1],"tags":[],"class_list":["post-28040","post","type-post","status-publish","format-standard","has-post-thumbnail","hentry","category-haberler"],"_links":{"self":[{"href":"https:\/\/www.abchukuk.com\/index.php\/wp-json\/wp\/v2\/posts\/28040","targetHints":{"allow":["GET"]}}],"collection":[{"href":"https:\/\/www.abchukuk.com\/index.php\/wp-json\/wp\/v2\/posts"}],"about":[{"href":"https:\/\/www.abchukuk.com\/index.php\/wp-json\/wp\/v2\/types\/post"}],"author":[{"embeddable":true,"href":"https:\/\/www.abchukuk.com\/index.php\/wp-json\/wp\/v2\/users\/1"}],"replies":[{"embeddable":true,"href":"https:\/\/www.abchukuk.com\/index.php\/wp-json\/wp\/v2\/comments?post=28040"}],"version-history":[{"count":0,"href":"https:\/\/www.abchukuk.com\/index.php\/wp-json\/wp\/v2\/posts\/28040\/revisions"}],"wp:featuredmedia":[{"embeddable":true,"href":"https:\/\/www.abchukuk.com\/index.php\/wp-json\/wp\/v2\/media\/28041"}],"wp:attachment":[{"href":"https:\/\/www.abchukuk.com\/index.php\/wp-json\/wp\/v2\/media?parent=28040"}],"wp:term":[{"taxonomy":"category","embeddable":true,"href":"https:\/\/www.abchukuk.com\/index.php\/wp-json\/wp\/v2\/categories?post=28040"},{"taxonomy":"post_tag","embeddable":true,"href":"https:\/\/www.abchukuk.com\/index.php\/wp-json\/wp\/v2\/tags?post=28040"}],"curies":[{"name":"wp","href":"https:\/\/api.w.org\/{rel}","templated":true}]}}