{"id":28038,"date":"2026-04-30T16:17:00","date_gmt":"2026-04-30T16:17:00","guid":{"rendered":"https:\/\/www.abchukuk.com\/index.php\/2026\/04\/30\/esini-ve-kayinvalidesini-katletti-savunmasi-mahkeme-baskanini-kizdirdi\/"},"modified":"2026-04-30T16:17:00","modified_gmt":"2026-04-30T16:17:00","slug":"esini-ve-kayinvalidesini-katletti-savunmasi-mahkeme-baskanini-kizdirdi","status":"publish","type":"post","link":"https:\/\/www.abchukuk.com\/index.php\/2026\/04\/30\/esini-ve-kayinvalidesini-katletti-savunmasi-mahkeme-baskanini-kizdirdi\/","title":{"rendered":"E\u015fini ve kay\u0131nvalidesini katletti: Savunmas\u0131 mahkeme ba\u015fkan\u0131n\u0131 k\u0131zd\u0131rd\u0131"},"content":{"rendered":"<p>Zonguldak&#8217;\u0131n Kilimli il\u00e7esinde bo\u015fanma a\u015famas\u0131nda oldu\u011fu e\u015fi T\u00fclay \u00dcnde\u015f (45) ile kay\u0131nvalidesi Zaide Alka\u00e7&#8217;\u0131 (64) av t\u00fcfe\u011fi ile \u00f6ld\u00fcren Yusuf \u00dcnde\u015f\u2019in (46) yarg\u0131land\u0131\u011f\u0131 davada savc\u0131, m\u00fctalaas\u0131n\u0131 sundu. M\u00fctalaada; \u00dcnde\u015f hakk\u0131nda 2 kez a\u011f\u0131rla\u015ft\u0131r\u0131lm\u0131\u015f m\u00fcebbet hapis cezas\u0131 talep edildi.Zonguldak&#8217;\u0131n Kilimli il\u00e7esinde bo\u015fanma a\u015famas\u0131nda oldu\u011fu e\u015fi T\u00fclay \u00dcnde\u015f (45) ile kay\u0131nvalidesi Zaide Alka\u00e7&#8217;\u0131 (64) av t\u00fcfe\u011fi ile \u00f6ld\u00fcren Yusuf \u00dcnde\u015f\u2019in (46) yarg\u0131land\u0131\u011f\u0131 davada savc\u0131, m\u00fctalaas\u0131n\u0131 sundu. M\u00fctalaada; \u00dcnde\u015f hakk\u0131nda 2 kez a\u011f\u0131rla\u015ft\u0131r\u0131lm\u0131\u015f m\u00fcebbet hapis cezas\u0131 talep edildi.\u00a0<a href=\"https:\/\/www.cumhuriyet.com.tr\/turkiye\/esini-ve-kayinvalidesini-katletti-savunmasi-mahkeme-baskanini-kizdirdi-2499977\" target=\"_blank\" class=\"feedzy-rss-link-icon\">Read More<\/a><\/p>","protected":false},"excerpt":{"rendered":"<p>Zonguldak&#8217;\u0131n Kilimli il\u00e7esinde bo\u015fanma a\u015famas\u0131nda oldu\u011fu e\u015fi T\u00fclay \u00dcnde\u015f (45) ile kay\u0131nvalidesi Zaide Alka\u00e7&#8217;\u0131 (64) av t\u00fcfe\u011fi ile \u00f6ld\u00fcren Yusuf \u00dcnde\u015f\u2019in (46) yarg\u0131land\u0131\u011f\u0131 davada savc\u0131, m\u00fctalaas\u0131n\u0131 sundu. M\u00fctalaada; \u00dcnde\u015f hakk\u0131nda 2 kez a\u011f\u0131rla\u015ft\u0131r\u0131lm\u0131\u015f m\u00fcebbet hapis cezas\u0131 talep edildi.Zonguldak&#8217;\u0131n Kilimli il\u00e7esinde bo\u015fanma a\u015famas\u0131nda oldu\u011fu e\u015fi T\u00fclay \u00dcnde\u015f (45) ile kay\u0131nvalidesi Zaide Alka\u00e7&#8217;\u0131 (64) av t\u00fcfe\u011fi ile [&hellip;]<\/p>\n","protected":false},"author":1,"featured_media":28039,"comment_status":"open","ping_status":"open","sticky":false,"template":"","format":"standard","meta":{"footnotes":"","_links_to":"","_links_to_target":""},"categories":[1],"tags":[],"class_list":["post-28038","post","type-post","status-publish","format-standard","has-post-thumbnail","hentry","category-haberler"],"_links":{"self":[{"href":"https:\/\/www.abchukuk.com\/index.php\/wp-json\/wp\/v2\/posts\/28038","targetHints":{"allow":["GET"]}}],"collection":[{"href":"https:\/\/www.abchukuk.com\/index.php\/wp-json\/wp\/v2\/posts"}],"about":[{"href":"https:\/\/www.abchukuk.com\/index.php\/wp-json\/wp\/v2\/types\/post"}],"author":[{"embeddable":true,"href":"https:\/\/www.abchukuk.com\/index.php\/wp-json\/wp\/v2\/users\/1"}],"replies":[{"embeddable":true,"href":"https:\/\/www.abchukuk.com\/index.php\/wp-json\/wp\/v2\/comments?post=28038"}],"version-history":[{"count":0,"href":"https:\/\/www.abchukuk.com\/index.php\/wp-json\/wp\/v2\/posts\/28038\/revisions"}],"wp:featuredmedia":[{"embeddable":true,"href":"https:\/\/www.abchukuk.com\/index.php\/wp-json\/wp\/v2\/media\/28039"}],"wp:attachment":[{"href":"https:\/\/www.abchukuk.com\/index.php\/wp-json\/wp\/v2\/media?parent=28038"}],"wp:term":[{"taxonomy":"category","embeddable":true,"href":"https:\/\/www.abchukuk.com\/index.php\/wp-json\/wp\/v2\/categories?post=28038"},{"taxonomy":"post_tag","embeddable":true,"href":"https:\/\/www.abchukuk.com\/index.php\/wp-json\/wp\/v2\/tags?post=28038"}],"curies":[{"name":"wp","href":"https:\/\/api.w.org\/{rel}","templated":true}]}}