{"id":28036,"date":"2026-04-30T16:44:00","date_gmt":"2026-04-30T16:44:00","guid":{"rendered":"https:\/\/www.abchukuk.com\/index.php\/2026\/04\/30\/aralarinda-turkler-de-var-israil-gozaltina-aldigi-175-kisiyi-yunanistana-teslim-edecek\/"},"modified":"2026-04-30T16:44:00","modified_gmt":"2026-04-30T16:44:00","slug":"aralarinda-turkler-de-var-israil-gozaltina-aldigi-175-kisiyi-yunanistana-teslim-edecek","status":"publish","type":"post","link":"https:\/\/www.abchukuk.com\/index.php\/2026\/04\/30\/aralarinda-turkler-de-var-israil-gozaltina-aldigi-175-kisiyi-yunanistana-teslim-edecek\/","title":{"rendered":"Aralar\u0131nda T\u00fcrkler de var: \u0130srail &#8216;g\u00f6zalt\u0131na&#8217; ald\u0131\u011f\u0131 175 ki\u015fiyi Yunanistan\u2019a teslim edecek"},"content":{"rendered":"<p>\u0130srail D\u0131\u015fi\u015fleri Bakan\u0131 Gideon Saar, \u0130srail donanmas\u0131n\u0131n Gazze\u2019ye insani yard\u0131m g\u00f6t\u00fcrmeyi ama\u00e7layan K\u00fcresel Sumud Filosu\u2019na Yunanistan\u2019\u0131n Girit Adas\u0131 a\u00e7\u0131klar\u0131ndaki uluslararas\u0131 sularda ger\u00e7ekle\u015ftirdi\u011fi m\u00fcdahalede g\u00f6zalt\u0131na al\u0131nan, aralar\u0131nda 20 T\u00fcrk vatanda\u015f\u0131n\u0131n da bulundu\u011fu 175 ki\u015finin Yunanistan\u2019a teslim edilece\u011fini a\u00e7\u0131klad\u0131.\u0130srail D\u0131\u015fi\u015fleri Bakan\u0131 Gideon Saar, \u0130srail donanmas\u0131n\u0131n Gazze\u2019ye insani yard\u0131m g\u00f6t\u00fcrmeyi ama\u00e7layan K\u00fcresel Sumud Filosu\u2019na Yunanistan\u2019\u0131n Girit Adas\u0131 a\u00e7\u0131klar\u0131ndaki uluslararas\u0131 sularda ger\u00e7ekle\u015ftirdi\u011fi m\u00fcdahalede g\u00f6zalt\u0131na al\u0131nan, aralar\u0131nda 20 T\u00fcrk vatanda\u015f\u0131n\u0131n da bulundu\u011fu 175 ki\u015finin Yunanistan\u2019a teslim edilece\u011fini a\u00e7\u0131klad\u0131.\u00a0<a href=\"https:\/\/www.cumhuriyet.com.tr\/siyaset\/aralarinda-turkler-de-var-israil-gozaltina-aldigi-175-kisiyi-yunanistan-a-teslim-edecek-2499982\" target=\"_blank\" class=\"feedzy-rss-link-icon\">Read More<\/a><\/p>","protected":false},"excerpt":{"rendered":"<p>\u0130srail D\u0131\u015fi\u015fleri Bakan\u0131 Gideon Saar, \u0130srail donanmas\u0131n\u0131n Gazze\u2019ye insani yard\u0131m g\u00f6t\u00fcrmeyi ama\u00e7layan K\u00fcresel Sumud Filosu\u2019na Yunanistan\u2019\u0131n Girit Adas\u0131 a\u00e7\u0131klar\u0131ndaki uluslararas\u0131 sularda ger\u00e7ekle\u015ftirdi\u011fi m\u00fcdahalede g\u00f6zalt\u0131na al\u0131nan, aralar\u0131nda 20 T\u00fcrk vatanda\u015f\u0131n\u0131n da bulundu\u011fu 175 ki\u015finin Yunanistan\u2019a teslim edilece\u011fini a\u00e7\u0131klad\u0131.\u0130srail D\u0131\u015fi\u015fleri Bakan\u0131 Gideon Saar, \u0130srail donanmas\u0131n\u0131n Gazze\u2019ye insani yard\u0131m g\u00f6t\u00fcrmeyi ama\u00e7layan K\u00fcresel Sumud Filosu\u2019na Yunanistan\u2019\u0131n Girit Adas\u0131 a\u00e7\u0131klar\u0131ndaki [&hellip;]<\/p>\n","protected":false},"author":1,"featured_media":28037,"comment_status":"open","ping_status":"open","sticky":false,"template":"","format":"standard","meta":{"footnotes":"","_links_to":"","_links_to_target":""},"categories":[1],"tags":[],"class_list":["post-28036","post","type-post","status-publish","format-standard","has-post-thumbnail","hentry","category-haberler"],"_links":{"self":[{"href":"https:\/\/www.abchukuk.com\/index.php\/wp-json\/wp\/v2\/posts\/28036","targetHints":{"allow":["GET"]}}],"collection":[{"href":"https:\/\/www.abchukuk.com\/index.php\/wp-json\/wp\/v2\/posts"}],"about":[{"href":"https:\/\/www.abchukuk.com\/index.php\/wp-json\/wp\/v2\/types\/post"}],"author":[{"embeddable":true,"href":"https:\/\/www.abchukuk.com\/index.php\/wp-json\/wp\/v2\/users\/1"}],"replies":[{"embeddable":true,"href":"https:\/\/www.abchukuk.com\/index.php\/wp-json\/wp\/v2\/comments?post=28036"}],"version-history":[{"count":0,"href":"https:\/\/www.abchukuk.com\/index.php\/wp-json\/wp\/v2\/posts\/28036\/revisions"}],"wp:featuredmedia":[{"embeddable":true,"href":"https:\/\/www.abchukuk.com\/index.php\/wp-json\/wp\/v2\/media\/28037"}],"wp:attachment":[{"href":"https:\/\/www.abchukuk.com\/index.php\/wp-json\/wp\/v2\/media?parent=28036"}],"wp:term":[{"taxonomy":"category","embeddable":true,"href":"https:\/\/www.abchukuk.com\/index.php\/wp-json\/wp\/v2\/categories?post=28036"},{"taxonomy":"post_tag","embeddable":true,"href":"https:\/\/www.abchukuk.com\/index.php\/wp-json\/wp\/v2\/tags?post=28036"}],"curies":[{"name":"wp","href":"https:\/\/api.w.org\/{rel}","templated":true}]}}