{"id":28034,"date":"2026-04-30T16:58:00","date_gmt":"2026-04-30T16:58:00","guid":{"rendered":"https:\/\/www.abchukuk.com\/index.php\/2026\/04\/30\/izmitte-eglence-mekanina-silahli-saldiri-tutuklu-sayisi-14e-yukseldi\/"},"modified":"2026-04-30T16:58:00","modified_gmt":"2026-04-30T16:58:00","slug":"izmitte-eglence-mekanina-silahli-saldiri-tutuklu-sayisi-14e-yukseldi","status":"publish","type":"post","link":"https:\/\/www.abchukuk.com\/index.php\/2026\/04\/30\/izmitte-eglence-mekanina-silahli-saldiri-tutuklu-sayisi-14e-yukseldi\/","title":{"rendered":"\u0130zmit&#8217;te  e\u011flence mekan\u0131na silahl\u0131 sald\u0131r\u0131 Tutuklu say\u0131s\u0131 14\u2019e y\u00fckseldi"},"content":{"rendered":"<p>\u0130zmit\u2019te e\u011flence mekan\u0131na d\u00fczenlenen silahl\u0131 sald\u0131r\u0131ya ili\u015fkin y\u00fcr\u00fct\u00fclen soru\u015fturmada, \u015f\u00fcphelilere yard\u0131m etti\u011fi belirlenen 1 ki\u015fi daha tutukland\u0131; toplam tutuklu say\u0131s\u0131 14\u2019e y\u00fckseldi.\u0130zmit\u2019te e\u011flence mekan\u0131na d\u00fczenlenen silahl\u0131 sald\u0131r\u0131ya ili\u015fkin y\u00fcr\u00fct\u00fclen soru\u015fturmada, \u015f\u00fcphelilere yard\u0131m etti\u011fi belirlenen 1 ki\u015fi daha tutukland\u0131; toplam tutuklu say\u0131s\u0131 14\u2019e y\u00fckseldi.\u00a0<a href=\"https:\/\/www.cumhuriyet.com.tr\/turkiye\/izmit-te-eglence-mekanina-silahli-saldiri-tutuklu-sayisi-14-e-yukseldi-2499985\" target=\"_blank\" class=\"feedzy-rss-link-icon\">Read More<\/a><\/p>","protected":false},"excerpt":{"rendered":"<p>\u0130zmit\u2019te e\u011flence mekan\u0131na d\u00fczenlenen silahl\u0131 sald\u0131r\u0131ya ili\u015fkin y\u00fcr\u00fct\u00fclen soru\u015fturmada, \u015f\u00fcphelilere yard\u0131m etti\u011fi belirlenen 1 ki\u015fi daha tutukland\u0131; toplam tutuklu say\u0131s\u0131 14\u2019e y\u00fckseldi.\u0130zmit\u2019te e\u011flence mekan\u0131na d\u00fczenlenen silahl\u0131 sald\u0131r\u0131ya ili\u015fkin y\u00fcr\u00fct\u00fclen soru\u015fturmada, \u015f\u00fcphelilere yard\u0131m etti\u011fi belirlenen 1 ki\u015fi daha tutukland\u0131; toplam tutuklu say\u0131s\u0131 14\u2019e y\u00fckseldi.\u00a0Read More<\/p>\n","protected":false},"author":1,"featured_media":28035,"comment_status":"open","ping_status":"open","sticky":false,"template":"","format":"standard","meta":{"footnotes":"","_links_to":"","_links_to_target":""},"categories":[1],"tags":[],"class_list":["post-28034","post","type-post","status-publish","format-standard","has-post-thumbnail","hentry","category-haberler"],"_links":{"self":[{"href":"https:\/\/www.abchukuk.com\/index.php\/wp-json\/wp\/v2\/posts\/28034","targetHints":{"allow":["GET"]}}],"collection":[{"href":"https:\/\/www.abchukuk.com\/index.php\/wp-json\/wp\/v2\/posts"}],"about":[{"href":"https:\/\/www.abchukuk.com\/index.php\/wp-json\/wp\/v2\/types\/post"}],"author":[{"embeddable":true,"href":"https:\/\/www.abchukuk.com\/index.php\/wp-json\/wp\/v2\/users\/1"}],"replies":[{"embeddable":true,"href":"https:\/\/www.abchukuk.com\/index.php\/wp-json\/wp\/v2\/comments?post=28034"}],"version-history":[{"count":0,"href":"https:\/\/www.abchukuk.com\/index.php\/wp-json\/wp\/v2\/posts\/28034\/revisions"}],"wp:featuredmedia":[{"embeddable":true,"href":"https:\/\/www.abchukuk.com\/index.php\/wp-json\/wp\/v2\/media\/28035"}],"wp:attachment":[{"href":"https:\/\/www.abchukuk.com\/index.php\/wp-json\/wp\/v2\/media?parent=28034"}],"wp:term":[{"taxonomy":"category","embeddable":true,"href":"https:\/\/www.abchukuk.com\/index.php\/wp-json\/wp\/v2\/categories?post=28034"},{"taxonomy":"post_tag","embeddable":true,"href":"https:\/\/www.abchukuk.com\/index.php\/wp-json\/wp\/v2\/tags?post=28034"}],"curies":[{"name":"wp","href":"https:\/\/api.w.org\/{rel}","templated":true}]}}