{"id":28032,"date":"2026-04-30T17:09:11","date_gmt":"2026-04-30T17:09:11","guid":{"rendered":"https:\/\/www.abchukuk.com\/index.php\/2026\/04\/30\/adalet-bakan-yardimcisi-can-tuncay-gelecegin-hukukculariyla-bir-araya-geldi\/"},"modified":"2026-04-30T17:09:11","modified_gmt":"2026-04-30T17:09:11","slug":"adalet-bakan-yardimcisi-can-tuncay-gelecegin-hukukculariyla-bir-araya-geldi","status":"publish","type":"post","link":"https:\/\/www.abchukuk.com\/index.php\/2026\/04\/30\/adalet-bakan-yardimcisi-can-tuncay-gelecegin-hukukculariyla-bir-araya-geldi\/","title":{"rendered":"ADALET BAKAN YARDIMCISI CAN TUNCAY GELECE\u011e\u0130N HUKUK\u00c7ULARIYLA B\u0130R ARAYA GELD\u0130"},"content":{"rendered":"<p>\u00a0<\/p>\n<p><strong>SON.TV\/ANKARA<\/strong><\/p>\n<p>\u00a0<\/p>\n<p><strong>ADALET AKADEM\u0130S\u0130\u2019NDE D\u0130KKAT \u00c7EKEN BULU\u015eMA!<\/strong><br \/>\n<strong>Adalet Bakan Yard\u0131mc\u0131s\u0131 Can Tuncay,<\/strong> resmi sosyal medya hesab\u0131ndan yapt\u0131\u011f\u0131 payla\u015f\u0131mda <strong>T\u00fcrkiye Adalet Akademisi<\/strong>\u2019ni ziyaret etti\u011fini duyurdu. Ziyaret kapsam\u0131nda gelece\u011fin h\u00e2kim ve savc\u0131 adaylar\u0131yla bulu\u015fan <strong>Tuncay<\/strong>, e\u011fitim s\u00fcrecine dair de\u011ferlendirmelerde bulundu.<\/p>\n<p><strong>GELECE\u011e\u0130N HUKUK\u00c7ULARINA MESAJLAR \u00a0VERD\u0130<\/strong><\/p>\n<p>Akademi binas\u0131 \u00f6n\u00fcnde \u00e7ekilen geni\u015f kat\u0131l\u0131ml\u0131 foto\u011fraf, ziyarete yo\u011fun ilginin oldu\u011funu ortaya koydu. \u00c7ok say\u0131da aday\u0131n yer ald\u0131\u011f\u0131 bulu\u015fmada, mesleki geli\u015fim ve adalet hizmetlerinin gelece\u011fi \u00fczerine mesajlar verildi.<\/p>\n<p>payla\u015f\u0131m\u0131nda, \u201cBug\u00fcn <strong>T\u00fcrkiye Adalet Akademisi\u2019ni ziyaret ederek gelece\u011fin hukuk\u00e7ular\u0131yla bir araya geldim\u201d<\/strong> ifadelerini kulland\u0131. Bu mesaj, yarg\u0131 te\u015fkilat\u0131n\u0131n yeni kadrolar\u0131na verilen \u00f6nemin alt\u0131n\u0131 \u00e7izdi.<\/p>\n<p>\u00a0<\/p>\n<p><img fetchpriority=\"high\" decoding=\"async\" class=\"alignnone size-medium wp-image-171816\" src=\"https:\/\/www.son.tv\/wp-content\/uploads\/2026\/04\/IMG_0368-225x300.png\" alt=\"\" width=\"225\" height=\"300\" \/><\/p>\n<p><strong>YARGI TE\u015eK\u0130LATINDA YEN\u0130 NES\u0130L VURGUSU<\/strong><\/p>\n<p>Ziyaret, adalet sisteminde g\u00f6rev alacak yeni nesil hukuk\u00e7ular\u0131n yeti\u015ftirilmesine verilen \u00f6nemin bir g\u00f6stergesi olarak yorumland\u0131. Akademi, h\u00e2kim ve savc\u0131 adaylar\u0131n\u0131n mesleki donan\u0131m\u0131n\u0131 art\u0131ran kritik bir merkez olmay\u0131 s\u00fcrd\u00fcr\u00fcyor.<\/p>\n<p><strong>ET\u0130KETLER:<\/strong><br \/>\n<strong>#AdaletAkademisi<\/strong><br \/>\n<strong>#CanTuncay<\/strong><br \/>\n<strong>#AdaletBakanl\u0131\u011f\u0131<\/strong><br \/>\n<strong>#H\u00e2kimSavc\u0131<\/strong><br \/>\n<strong>#Yarg\u0131<\/strong><br \/>\n<strong>#SonTv<\/strong><br \/>\n<strong>#Hukuk<\/strong><br \/>\n<strong>#Adalet<\/strong><br \/>\n<strong>#T\u00fcrkiye<\/strong><\/p>\n<p>\u00a0<\/p>\n<p>Adalet Bakan Yard\u0131mc\u0131s\u0131 Can Tuncay, T\u00fcrkiye Adalet Akademisi\u2019ni ziyaret ederek h\u00e2kim ve savc\u0131 adaylar\u0131yla bir araya geldi. Akademide \u00e7ekilen toplu foto\u011fraf ve yap\u0131lan payla\u015f\u0131m, yarg\u0131 camias\u0131nda dikkat \u00e7ekti.\u00a0<a href=\"https:\/\/www.son.tv\/bakan-yardimcisi-can-tuncay-gelecegin-hukukculariyla-bir-araya-geldi\/\" target=\"_blank\" class=\"feedzy-rss-link-icon\">Read More<\/a><\/p>","protected":false},"excerpt":{"rendered":"<p>\u00a0 SON.TV\/ANKARA \u00a0 ADALET AKADEM\u0130S\u0130\u2019NDE D\u0130KKAT \u00c7EKEN BULU\u015eMA! Adalet Bakan Yard\u0131mc\u0131s\u0131 Can Tuncay, resmi sosyal medya hesab\u0131ndan yapt\u0131\u011f\u0131 payla\u015f\u0131mda T\u00fcrkiye Adalet Akademisi\u2019ni ziyaret etti\u011fini duyurdu. Ziyaret kapsam\u0131nda gelece\u011fin h\u00e2kim ve savc\u0131 adaylar\u0131yla bulu\u015fan Tuncay, e\u011fitim s\u00fcrecine dair de\u011ferlendirmelerde bulundu. GELECE\u011e\u0130N HUKUK\u00c7ULARINA MESAJLAR \u00a0VERD\u0130 Akademi binas\u0131 \u00f6n\u00fcnde \u00e7ekilen geni\u015f kat\u0131l\u0131ml\u0131 foto\u011fraf, ziyarete yo\u011fun ilginin oldu\u011funu ortaya [&hellip;]<\/p>\n","protected":false},"author":1,"featured_media":28033,"comment_status":"open","ping_status":"open","sticky":false,"template":"","format":"standard","meta":{"footnotes":"","_links_to":"","_links_to_target":""},"categories":[1],"tags":[],"class_list":["post-28032","post","type-post","status-publish","format-standard","has-post-thumbnail","hentry","category-haberler"],"_links":{"self":[{"href":"https:\/\/www.abchukuk.com\/index.php\/wp-json\/wp\/v2\/posts\/28032","targetHints":{"allow":["GET"]}}],"collection":[{"href":"https:\/\/www.abchukuk.com\/index.php\/wp-json\/wp\/v2\/posts"}],"about":[{"href":"https:\/\/www.abchukuk.com\/index.php\/wp-json\/wp\/v2\/types\/post"}],"author":[{"embeddable":true,"href":"https:\/\/www.abchukuk.com\/index.php\/wp-json\/wp\/v2\/users\/1"}],"replies":[{"embeddable":true,"href":"https:\/\/www.abchukuk.com\/index.php\/wp-json\/wp\/v2\/comments?post=28032"}],"version-history":[{"count":0,"href":"https:\/\/www.abchukuk.com\/index.php\/wp-json\/wp\/v2\/posts\/28032\/revisions"}],"wp:featuredmedia":[{"embeddable":true,"href":"https:\/\/www.abchukuk.com\/index.php\/wp-json\/wp\/v2\/media\/28033"}],"wp:attachment":[{"href":"https:\/\/www.abchukuk.com\/index.php\/wp-json\/wp\/v2\/media?parent=28032"}],"wp:term":[{"taxonomy":"category","embeddable":true,"href":"https:\/\/www.abchukuk.com\/index.php\/wp-json\/wp\/v2\/categories?post=28032"},{"taxonomy":"post_tag","embeddable":true,"href":"https:\/\/www.abchukuk.com\/index.php\/wp-json\/wp\/v2\/tags?post=28032"}],"curies":[{"name":"wp","href":"https:\/\/api.w.org\/{rel}","templated":true}]}}