{"id":28030,"date":"2026-04-30T17:21:00","date_gmt":"2026-04-30T17:21:00","guid":{"rendered":"https:\/\/www.abchukuk.com\/index.php\/2026\/04\/30\/chpli-gunaydin-duyurdu-ibb-davasinda-gozaltina-alinan-meltem-gokhanoglu-adli-kontrolle-serbest-birakildi\/"},"modified":"2026-04-30T17:21:00","modified_gmt":"2026-04-30T17:21:00","slug":"chpli-gunaydin-duyurdu-ibb-davasinda-gozaltina-alinan-meltem-gokhanoglu-adli-kontrolle-serbest-birakildi","status":"publish","type":"post","link":"https:\/\/www.abchukuk.com\/index.php\/2026\/04\/30\/chpli-gunaydin-duyurdu-ibb-davasinda-gozaltina-alinan-meltem-gokhanoglu-adli-kontrolle-serbest-birakildi\/","title":{"rendered":"CHP\u2019li G\u00fcnayd\u0131n duyurdu: \u0130BB Davas\u0131&#8217;nda g\u00f6zalt\u0131na al\u0131nan Meltem G\u00f6khano\u011flu adli kontrolle serbest b\u0131rak\u0131ld\u0131"},"content":{"rendered":"<p>CHP milletvekili G\u00f6khan G\u00fcnayd\u0131n, sosyal medya payla\u015f\u0131mlar\u0131 nedeniyle \u0130BB Davas\u0131&#8217;n\u0131n duru\u015fmas\u0131nda g\u00f6zalt\u0131na al\u0131nan CHP \u00fcyesi Meltem G\u00f6khano\u011flu&#8217;nun adli kontrolle serbest b\u0131rak\u0131ld\u0131\u011f\u0131n\u0131 duyurdu.CHP milletvekili G\u00f6khan G\u00fcnayd\u0131n, sosyal medya payla\u015f\u0131mlar\u0131 nedeniyle \u0130BB Davas\u0131&#8217;n\u0131n duru\u015fmas\u0131nda g\u00f6zalt\u0131na al\u0131nan CHP \u00fcyesi Meltem G\u00f6khano\u011flu&#8217;nun adli kontrolle serbest b\u0131rak\u0131ld\u0131\u011f\u0131n\u0131 duyurdu.\u00a0<a href=\"https:\/\/www.cumhuriyet.com.tr\/siyaset\/chp-li-gunaydin-duyurdu-ibb-davasi-nda-gozaltina-alinan-meltem-gokhanoglu-adli-kontrolle-serbest-birakildi-2499988\" target=\"_blank\" class=\"feedzy-rss-link-icon\">Read More<\/a><\/p>","protected":false},"excerpt":{"rendered":"<p>CHP milletvekili G\u00f6khan G\u00fcnayd\u0131n, sosyal medya payla\u015f\u0131mlar\u0131 nedeniyle \u0130BB Davas\u0131&#8217;n\u0131n duru\u015fmas\u0131nda g\u00f6zalt\u0131na al\u0131nan CHP \u00fcyesi Meltem G\u00f6khano\u011flu&#8217;nun adli kontrolle serbest b\u0131rak\u0131ld\u0131\u011f\u0131n\u0131 duyurdu.CHP milletvekili G\u00f6khan G\u00fcnayd\u0131n, sosyal medya payla\u015f\u0131mlar\u0131 nedeniyle \u0130BB Davas\u0131&#8217;n\u0131n duru\u015fmas\u0131nda g\u00f6zalt\u0131na al\u0131nan CHP \u00fcyesi Meltem G\u00f6khano\u011flu&#8217;nun adli kontrolle serbest b\u0131rak\u0131ld\u0131\u011f\u0131n\u0131 duyurdu.\u00a0Read More<\/p>\n","protected":false},"author":1,"featured_media":28031,"comment_status":"open","ping_status":"open","sticky":false,"template":"","format":"standard","meta":{"footnotes":"","_links_to":"","_links_to_target":""},"categories":[1],"tags":[],"class_list":["post-28030","post","type-post","status-publish","format-standard","has-post-thumbnail","hentry","category-haberler"],"_links":{"self":[{"href":"https:\/\/www.abchukuk.com\/index.php\/wp-json\/wp\/v2\/posts\/28030","targetHints":{"allow":["GET"]}}],"collection":[{"href":"https:\/\/www.abchukuk.com\/index.php\/wp-json\/wp\/v2\/posts"}],"about":[{"href":"https:\/\/www.abchukuk.com\/index.php\/wp-json\/wp\/v2\/types\/post"}],"author":[{"embeddable":true,"href":"https:\/\/www.abchukuk.com\/index.php\/wp-json\/wp\/v2\/users\/1"}],"replies":[{"embeddable":true,"href":"https:\/\/www.abchukuk.com\/index.php\/wp-json\/wp\/v2\/comments?post=28030"}],"version-history":[{"count":0,"href":"https:\/\/www.abchukuk.com\/index.php\/wp-json\/wp\/v2\/posts\/28030\/revisions"}],"wp:featuredmedia":[{"embeddable":true,"href":"https:\/\/www.abchukuk.com\/index.php\/wp-json\/wp\/v2\/media\/28031"}],"wp:attachment":[{"href":"https:\/\/www.abchukuk.com\/index.php\/wp-json\/wp\/v2\/media?parent=28030"}],"wp:term":[{"taxonomy":"category","embeddable":true,"href":"https:\/\/www.abchukuk.com\/index.php\/wp-json\/wp\/v2\/categories?post=28030"},{"taxonomy":"post_tag","embeddable":true,"href":"https:\/\/www.abchukuk.com\/index.php\/wp-json\/wp\/v2\/tags?post=28030"}],"curies":[{"name":"wp","href":"https:\/\/api.w.org\/{rel}","templated":true}]}}