{"id":28028,"date":"2026-04-30T17:23:00","date_gmt":"2026-04-30T17:23:00","guid":{"rendered":"https:\/\/www.abchukuk.com\/index.php\/2026\/04\/30\/7-yasindaki-cocugu-istismar-etti-hapis-cezasina-carptirilmasina-ragmen-tahliye-edildi\/"},"modified":"2026-04-30T17:23:00","modified_gmt":"2026-04-30T17:23:00","slug":"7-yasindaki-cocugu-istismar-etti-hapis-cezasina-carptirilmasina-ragmen-tahliye-edildi","status":"publish","type":"post","link":"https:\/\/www.abchukuk.com\/index.php\/2026\/04\/30\/7-yasindaki-cocugu-istismar-etti-hapis-cezasina-carptirilmasina-ragmen-tahliye-edildi\/","title":{"rendered":"7 ya\u015f\u0131ndaki \u00e7ocu\u011fu istismar etti: Hapis cezas\u0131na \u00e7arpt\u0131r\u0131lmas\u0131na ra\u011fmen tahliye edildi"},"content":{"rendered":"<p>\u0130zmir\u2019in Buca il\u00e7esinde 7 ya\u015f\u0131ndaki k\u0131z \u00e7ocu\u011funa cinsel istismarda bulundu\u011fu su\u00e7lamas\u0131yla yarg\u0131lanan ve daha \u00f6nceden de benzer su\u00e7lardan sab\u0131kas\u0131 bulunan \u015fah\u0131s, hapis cezas\u0131na \u00e7arpt\u0131r\u0131lmas\u0131na ra\u011fmen tahliye edildi. Ailenin, sab\u0131kal\u0131 san\u0131\u011f\u0131n tahliyesine itiraz ederek karar\u0131 \u0130stinaf Mahkemesi&#8217;ne ta\u015f\u0131yacaklar\u0131 \u00f6\u011frenildi. Olayla ilgili hukuki s\u00fcre\u00e7 devam ediyor.\u0130zmir\u2019in Buca il\u00e7esinde 7 ya\u015f\u0131ndaki k\u0131z \u00e7ocu\u011funa cinsel istismarda bulundu\u011fu su\u00e7lamas\u0131yla yarg\u0131lanan ve daha \u00f6nceden de benzer su\u00e7lardan sab\u0131kas\u0131 bulunan \u015fah\u0131s, hapis cezas\u0131na \u00e7arpt\u0131r\u0131lmas\u0131na ra\u011fmen tahliye edildi. Ailenin, sab\u0131kal\u0131 san\u0131\u011f\u0131n tahliyesine itiraz ederek karar\u0131 \u0130stinaf Mahkemesi&#8217;ne ta\u015f\u0131yacaklar\u0131 \u00f6\u011frenildi. Olayla ilgili hukuki s\u00fcre\u00e7 devam ediyor.\u00a0<a href=\"https:\/\/www.cumhuriyet.com.tr\/turkiye\/7-yasindaki-cocugu-istismar-etti-hapis-cezasina-carptirilmasina-ragmen-tahliye-edildi-2499987\" target=\"_blank\" class=\"feedzy-rss-link-icon\">Read More<\/a><\/p>","protected":false},"excerpt":{"rendered":"<p>\u0130zmir\u2019in Buca il\u00e7esinde 7 ya\u015f\u0131ndaki k\u0131z \u00e7ocu\u011funa cinsel istismarda bulundu\u011fu su\u00e7lamas\u0131yla yarg\u0131lanan ve daha \u00f6nceden de benzer su\u00e7lardan sab\u0131kas\u0131 bulunan \u015fah\u0131s, hapis cezas\u0131na \u00e7arpt\u0131r\u0131lmas\u0131na ra\u011fmen tahliye edildi. Ailenin, sab\u0131kal\u0131 san\u0131\u011f\u0131n tahliyesine itiraz ederek karar\u0131 \u0130stinaf Mahkemesi&#8217;ne ta\u015f\u0131yacaklar\u0131 \u00f6\u011frenildi. Olayla ilgili hukuki s\u00fcre\u00e7 devam ediyor.\u0130zmir\u2019in Buca il\u00e7esinde 7 ya\u015f\u0131ndaki k\u0131z \u00e7ocu\u011funa cinsel istismarda bulundu\u011fu su\u00e7lamas\u0131yla yarg\u0131lanan [&hellip;]<\/p>\n","protected":false},"author":1,"featured_media":28029,"comment_status":"open","ping_status":"open","sticky":false,"template":"","format":"standard","meta":{"footnotes":"","_links_to":"","_links_to_target":""},"categories":[1],"tags":[],"class_list":["post-28028","post","type-post","status-publish","format-standard","has-post-thumbnail","hentry","category-haberler"],"_links":{"self":[{"href":"https:\/\/www.abchukuk.com\/index.php\/wp-json\/wp\/v2\/posts\/28028","targetHints":{"allow":["GET"]}}],"collection":[{"href":"https:\/\/www.abchukuk.com\/index.php\/wp-json\/wp\/v2\/posts"}],"about":[{"href":"https:\/\/www.abchukuk.com\/index.php\/wp-json\/wp\/v2\/types\/post"}],"author":[{"embeddable":true,"href":"https:\/\/www.abchukuk.com\/index.php\/wp-json\/wp\/v2\/users\/1"}],"replies":[{"embeddable":true,"href":"https:\/\/www.abchukuk.com\/index.php\/wp-json\/wp\/v2\/comments?post=28028"}],"version-history":[{"count":0,"href":"https:\/\/www.abchukuk.com\/index.php\/wp-json\/wp\/v2\/posts\/28028\/revisions"}],"wp:featuredmedia":[{"embeddable":true,"href":"https:\/\/www.abchukuk.com\/index.php\/wp-json\/wp\/v2\/media\/28029"}],"wp:attachment":[{"href":"https:\/\/www.abchukuk.com\/index.php\/wp-json\/wp\/v2\/media?parent=28028"}],"wp:term":[{"taxonomy":"category","embeddable":true,"href":"https:\/\/www.abchukuk.com\/index.php\/wp-json\/wp\/v2\/categories?post=28028"},{"taxonomy":"post_tag","embeddable":true,"href":"https:\/\/www.abchukuk.com\/index.php\/wp-json\/wp\/v2\/tags?post=28028"}],"curies":[{"name":"wp","href":"https:\/\/api.w.org\/{rel}","templated":true}]}}