{"id":28021,"date":"2026-04-30T15:04:00","date_gmt":"2026-04-30T15:04:00","guid":{"rendered":"https:\/\/www.abchukuk.com\/index.php\/2026\/04\/30\/hasbi-dedeye-hapis-cezasi\/"},"modified":"2026-04-30T15:04:00","modified_gmt":"2026-04-30T15:04:00","slug":"hasbi-dedeye-hapis-cezasi","status":"publish","type":"post","link":"https:\/\/www.abchukuk.com\/index.php\/2026\/04\/30\/hasbi-dedeye-hapis-cezasi\/","title":{"rendered":"Hasbi Dede&#8217;ye Hapis Cezas\u0131"},"content":{"rendered":"<p><a href=\"https:\/\/www.gercekgundem.com\/guncel\/hasbi-dedeye-hapis-cezasi-570677\"><br \/>\n                                                            <img decoding=\"async\" src=\"https:\/\/i.gercekgundem.com\/2\/150\/84\/storage\/files\/images\/2026\/04\/30\/hasbi-dedeye-hapis-cezasi-tzk3.jpg\" width=\"150\" height=\"84\" border=\"0\" align=\"right\" \/><br \/>\n                                                    <\/a><\/p>\n<h4>G\u00f6rele Belediye Ba\u015fkanl\u0131\u011f\u0131&#8217;ndan uzakla\u015ft\u0131r\u0131lan Hasbi Dede 1 y\u0131l 6 ay hapis cezas\u0131na \u00e7arpt\u0131r\u0131ld\u0131. Mahkeme h\u00fckm\u00fcn a\u00e7\u0131klanmas\u0131n\u0131n geri b\u0131rak\u0131lmamas\u0131na karar verildi.<\/h4>\n<p>G\u00f6rele Belediye Ba\u015fkanl\u0131\u011f\u0131&#8217;ndan uzakla\u015ft\u0131r\u0131lan Hasbi Dede 1 y\u0131l 6 ay hapis cezas\u0131na \u00e7arpt\u0131r\u0131ld\u0131. Mahkeme h\u00fckm\u00fcn a\u00e7\u0131klanmas\u0131n\u0131n geri b\u0131rak\u0131lmamas\u0131na karar verildi.\u00a0<a href=\"https:\/\/www.gercekgundem.com\/guncel\/hasbi-dedeye-hapis-cezasi-570677\" target=\"_blank\" class=\"feedzy-rss-link-icon\">Read More<\/a><\/p>","protected":false},"excerpt":{"rendered":"<p>G\u00f6rele Belediye Ba\u015fkanl\u0131\u011f\u0131&#8217;ndan uzakla\u015ft\u0131r\u0131lan Hasbi Dede 1 y\u0131l 6 ay hapis cezas\u0131na \u00e7arpt\u0131r\u0131ld\u0131. Mahkeme h\u00fckm\u00fcn a\u00e7\u0131klanmas\u0131n\u0131n geri b\u0131rak\u0131lmamas\u0131na karar verildi. G\u00f6rele Belediye Ba\u015fkanl\u0131\u011f\u0131&#8217;ndan uzakla\u015ft\u0131r\u0131lan Hasbi Dede 1 y\u0131l 6 ay hapis cezas\u0131na \u00e7arpt\u0131r\u0131ld\u0131. Mahkeme h\u00fckm\u00fcn a\u00e7\u0131klanmas\u0131n\u0131n geri b\u0131rak\u0131lmamas\u0131na karar verildi.\u00a0Read More<\/p>\n","protected":false},"author":1,"featured_media":28022,"comment_status":"open","ping_status":"open","sticky":false,"template":"","format":"standard","meta":{"footnotes":"","_links_to":"","_links_to_target":""},"categories":[1],"tags":[],"class_list":["post-28021","post","type-post","status-publish","format-standard","has-post-thumbnail","hentry","category-haberler"],"_links":{"self":[{"href":"https:\/\/www.abchukuk.com\/index.php\/wp-json\/wp\/v2\/posts\/28021","targetHints":{"allow":["GET"]}}],"collection":[{"href":"https:\/\/www.abchukuk.com\/index.php\/wp-json\/wp\/v2\/posts"}],"about":[{"href":"https:\/\/www.abchukuk.com\/index.php\/wp-json\/wp\/v2\/types\/post"}],"author":[{"embeddable":true,"href":"https:\/\/www.abchukuk.com\/index.php\/wp-json\/wp\/v2\/users\/1"}],"replies":[{"embeddable":true,"href":"https:\/\/www.abchukuk.com\/index.php\/wp-json\/wp\/v2\/comments?post=28021"}],"version-history":[{"count":0,"href":"https:\/\/www.abchukuk.com\/index.php\/wp-json\/wp\/v2\/posts\/28021\/revisions"}],"wp:featuredmedia":[{"embeddable":true,"href":"https:\/\/www.abchukuk.com\/index.php\/wp-json\/wp\/v2\/media\/28022"}],"wp:attachment":[{"href":"https:\/\/www.abchukuk.com\/index.php\/wp-json\/wp\/v2\/media?parent=28021"}],"wp:term":[{"taxonomy":"category","embeddable":true,"href":"https:\/\/www.abchukuk.com\/index.php\/wp-json\/wp\/v2\/categories?post=28021"},{"taxonomy":"post_tag","embeddable":true,"href":"https:\/\/www.abchukuk.com\/index.php\/wp-json\/wp\/v2\/tags?post=28021"}],"curies":[{"name":"wp","href":"https:\/\/api.w.org\/{rel}","templated":true}]}}