{"id":28015,"date":"2026-04-30T14:35:00","date_gmt":"2026-04-30T14:35:00","guid":{"rendered":"https:\/\/www.abchukuk.com\/index.php\/2026\/04\/30\/gazeteci-gungor-arslan-cinayetinde-yeniden-yargilanan-saniklarin-cezasi-degismedi\/"},"modified":"2026-04-30T14:35:00","modified_gmt":"2026-04-30T14:35:00","slug":"gazeteci-gungor-arslan-cinayetinde-yeniden-yargilanan-saniklarin-cezasi-degismedi","status":"publish","type":"post","link":"https:\/\/www.abchukuk.com\/index.php\/2026\/04\/30\/gazeteci-gungor-arslan-cinayetinde-yeniden-yargilanan-saniklarin-cezasi-degismedi\/","title":{"rendered":"Gazeteci G\u00fcng\u00f6r Arslan cinayetinde yeniden yarg\u0131lanan san\u0131klar\u0131n cezas\u0131 de\u011fi\u015fmedi"},"content":{"rendered":"<p>Kocaeli\u2019nin \u0130zmit il\u00e7esinde gazeteci G\u00fcng\u00f6r Arslan&#8217;\u0131n \u00f6ld\u00fcr\u00fclmesine ili\u015fkin yerel mahkemenin verdi\u011fi karar\u0131 Yarg\u0131tay\u2019\u0131n k\u0131smen bozmas\u0131n\u0131n ard\u0131ndan 5 san\u0131k yeniden hakim kar\u015f\u0131s\u0131na \u00e7\u0131kt\u0131. Mahkeme yine ayn\u0131 karar\u0131 verip 2 san\u0131\u011f\u0131 a\u011f\u0131rla\u015ft\u0131r\u0131lm\u0131\u015f m\u00fcebbet, 2 san\u0131\u011f\u0131 20&#8217;\u015fer y\u0131l hapse \u00e7arpt\u0131rd\u0131, 1 san\u0131\u011f\u0131n da beraatine h\u00fckmetti.Kocaeli\u2019nin \u0130zmit il\u00e7esinde gazeteci G\u00fcng\u00f6r Arslan&#8217;\u0131n \u00f6ld\u00fcr\u00fclmesine ili\u015fkin yerel mahkemenin verdi\u011fi karar\u0131 Yarg\u0131tay\u2019\u0131n k\u0131smen bozmas\u0131n\u0131n ard\u0131ndan 5 san\u0131k yeniden hakim kar\u015f\u0131s\u0131na \u00e7\u0131kt\u0131. Mahkeme yine ayn\u0131 karar\u0131 verip 2 san\u0131\u011f\u0131 a\u011f\u0131rla\u015ft\u0131r\u0131lm\u0131\u015f m\u00fcebbet, 2 san\u0131\u011f\u0131 20&#8217;\u015fer y\u0131l hapse \u00e7arpt\u0131rd\u0131, 1 san\u0131\u011f\u0131n da beraatine h\u00fckmetti.\u00a0<a href=\"https:\/\/www.cumhuriyet.com.tr\/turkiye\/gazeteci-gungor-arslan-cinayetinde-yeniden-yargilanan-saniklarin-cezasi-degismedi-2499946\" target=\"_blank\" class=\"feedzy-rss-link-icon\">Read More<\/a><\/p>","protected":false},"excerpt":{"rendered":"<p>Kocaeli\u2019nin \u0130zmit il\u00e7esinde gazeteci G\u00fcng\u00f6r Arslan&#8217;\u0131n \u00f6ld\u00fcr\u00fclmesine ili\u015fkin yerel mahkemenin verdi\u011fi karar\u0131 Yarg\u0131tay\u2019\u0131n k\u0131smen bozmas\u0131n\u0131n ard\u0131ndan 5 san\u0131k yeniden hakim kar\u015f\u0131s\u0131na \u00e7\u0131kt\u0131. Mahkeme yine ayn\u0131 karar\u0131 verip 2 san\u0131\u011f\u0131 a\u011f\u0131rla\u015ft\u0131r\u0131lm\u0131\u015f m\u00fcebbet, 2 san\u0131\u011f\u0131 20&#8217;\u015fer y\u0131l hapse \u00e7arpt\u0131rd\u0131, 1 san\u0131\u011f\u0131n da beraatine h\u00fckmetti.Kocaeli\u2019nin \u0130zmit il\u00e7esinde gazeteci G\u00fcng\u00f6r Arslan&#8217;\u0131n \u00f6ld\u00fcr\u00fclmesine ili\u015fkin yerel mahkemenin verdi\u011fi karar\u0131 Yarg\u0131tay\u2019\u0131n k\u0131smen [&hellip;]<\/p>\n","protected":false},"author":1,"featured_media":28016,"comment_status":"open","ping_status":"open","sticky":false,"template":"","format":"standard","meta":{"footnotes":"","_links_to":"","_links_to_target":""},"categories":[1],"tags":[],"class_list":["post-28015","post","type-post","status-publish","format-standard","has-post-thumbnail","hentry","category-haberler"],"_links":{"self":[{"href":"https:\/\/www.abchukuk.com\/index.php\/wp-json\/wp\/v2\/posts\/28015","targetHints":{"allow":["GET"]}}],"collection":[{"href":"https:\/\/www.abchukuk.com\/index.php\/wp-json\/wp\/v2\/posts"}],"about":[{"href":"https:\/\/www.abchukuk.com\/index.php\/wp-json\/wp\/v2\/types\/post"}],"author":[{"embeddable":true,"href":"https:\/\/www.abchukuk.com\/index.php\/wp-json\/wp\/v2\/users\/1"}],"replies":[{"embeddable":true,"href":"https:\/\/www.abchukuk.com\/index.php\/wp-json\/wp\/v2\/comments?post=28015"}],"version-history":[{"count":0,"href":"https:\/\/www.abchukuk.com\/index.php\/wp-json\/wp\/v2\/posts\/28015\/revisions"}],"wp:featuredmedia":[{"embeddable":true,"href":"https:\/\/www.abchukuk.com\/index.php\/wp-json\/wp\/v2\/media\/28016"}],"wp:attachment":[{"href":"https:\/\/www.abchukuk.com\/index.php\/wp-json\/wp\/v2\/media?parent=28015"}],"wp:term":[{"taxonomy":"category","embeddable":true,"href":"https:\/\/www.abchukuk.com\/index.php\/wp-json\/wp\/v2\/categories?post=28015"},{"taxonomy":"post_tag","embeddable":true,"href":"https:\/\/www.abchukuk.com\/index.php\/wp-json\/wp\/v2\/tags?post=28015"}],"curies":[{"name":"wp","href":"https:\/\/api.w.org\/{rel}","templated":true}]}}