{"id":28014,"date":"2026-04-30T14:44:21","date_gmt":"2026-04-30T14:44:21","guid":{"rendered":"https:\/\/www.abchukuk.com\/index.php\/2026\/04\/30\/emniyet-muduru-yuksekten-bassavci-coban-ve-adalet-komisyonu-baskani-aya-veda-ziyareti\/"},"modified":"2026-04-30T14:44:21","modified_gmt":"2026-04-30T14:44:21","slug":"emniyet-muduru-yuksekten-bassavci-coban-ve-adalet-komisyonu-baskani-aya-veda-ziyareti","status":"publish","type":"post","link":"https:\/\/www.abchukuk.com\/index.php\/2026\/04\/30\/emniyet-muduru-yuksekten-bassavci-coban-ve-adalet-komisyonu-baskani-aya-veda-ziyareti\/","title":{"rendered":"Emniyet m\u00fcd\u00fcr\u00fc Y\u00fcksek\u2019ten Ba\u015fsavc\u0131 \u00c7oban ve Adalet Komisyonu Ba\u015fkan\u0131 Ay\u2019a veda ziyareti"},"content":{"rendered":"<p>Konya \u0130l Emniyet M\u00fcd\u00fcr\u00fc iken Ankara \u0130l Emniyet M\u00fcd\u00fcrl\u00fc\u011f\u00fcne atanan Maksut Y\u00fcksek, Konya Cumhuriyet Ba\u015fsavc\u0131 Cuma \u00c7oban ve Adalet Komisyonu Ba\u015fkan\u0131 Hasan Ay\u2019a veda ziyaretinde bulundu. Cumhuriyet Ba\u015fsavc\u0131 Cuma \u00c7oban ve Adalet Komisyonu Ba\u015fkan\u0131 Hasan Ay, Konya\u2019daki hizmetlerinden dolay\u0131 \u0130l Emniyet M\u00fcd\u00fcr\u00fc Maksut Y\u00fcksek\u2019e te\u015fekk\u00fcr ederek hizmetleri an\u0131s\u0131na plaket takdim etti.<\/p>\n<p>Konya \u0130l Emniyet M\u00fcd\u00fcr\u00fc iken Ankara \u0130l Emniyet M\u00fcd\u00fcrl\u00fc\u011f\u00fcne atanan Maksut Y\u00fcksek, Konya Cumhuriyet Ba\u015fsavc\u0131 Cuma \u00c7oban ve Adalet Komisyonu Ba\u015fkan\u0131 Hasan Ay\u2019a veda ziyaretinde bulundu. Cumhuriyet Ba\u015fsavc\u0131 Cuma \u00c7oban ve Adalet Komisyonu Ba\u015fkan\u0131 Hasan Ay, Konya\u2019daki hizmetlerinden dolay\u0131 \u0130l Emniyet M\u00fcd\u00fcr\u00fc Maksut Y\u00fcksek\u2019e te\u015fekk\u00fcr ederek hizmetleri an\u0131s\u0131na plaket takdim etti.\u00a0<a href=\"https:\/\/www.son.tv\/emniyet-muduru-yuksekten-bassavci-coban-ve-adalet-komisyonu-baskani-aya-veda-ziyareti\/\" target=\"_blank\" class=\"feedzy-rss-link-icon\">Read More<\/a><\/p>","protected":false},"excerpt":{"rendered":"<p>Konya \u0130l Emniyet M\u00fcd\u00fcr\u00fc iken Ankara \u0130l Emniyet M\u00fcd\u00fcrl\u00fc\u011f\u00fcne atanan Maksut Y\u00fcksek, Konya Cumhuriyet Ba\u015fsavc\u0131 Cuma \u00c7oban ve Adalet Komisyonu Ba\u015fkan\u0131 Hasan Ay\u2019a veda ziyaretinde bulundu. Cumhuriyet Ba\u015fsavc\u0131 Cuma \u00c7oban ve Adalet Komisyonu Ba\u015fkan\u0131 Hasan Ay, Konya\u2019daki hizmetlerinden dolay\u0131 \u0130l Emniyet M\u00fcd\u00fcr\u00fc Maksut Y\u00fcksek\u2019e te\u015fekk\u00fcr ederek hizmetleri an\u0131s\u0131na plaket takdim etti. Konya \u0130l Emniyet M\u00fcd\u00fcr\u00fc [&hellip;]<\/p>\n","protected":false},"author":1,"featured_media":0,"comment_status":"open","ping_status":"open","sticky":false,"template":"","format":"standard","meta":{"footnotes":"","_links_to":"","_links_to_target":""},"categories":[1],"tags":[],"class_list":["post-28014","post","type-post","status-publish","format-standard","hentry","category-haberler"],"_links":{"self":[{"href":"https:\/\/www.abchukuk.com\/index.php\/wp-json\/wp\/v2\/posts\/28014","targetHints":{"allow":["GET"]}}],"collection":[{"href":"https:\/\/www.abchukuk.com\/index.php\/wp-json\/wp\/v2\/posts"}],"about":[{"href":"https:\/\/www.abchukuk.com\/index.php\/wp-json\/wp\/v2\/types\/post"}],"author":[{"embeddable":true,"href":"https:\/\/www.abchukuk.com\/index.php\/wp-json\/wp\/v2\/users\/1"}],"replies":[{"embeddable":true,"href":"https:\/\/www.abchukuk.com\/index.php\/wp-json\/wp\/v2\/comments?post=28014"}],"version-history":[{"count":0,"href":"https:\/\/www.abchukuk.com\/index.php\/wp-json\/wp\/v2\/posts\/28014\/revisions"}],"wp:attachment":[{"href":"https:\/\/www.abchukuk.com\/index.php\/wp-json\/wp\/v2\/media?parent=28014"}],"wp:term":[{"taxonomy":"category","embeddable":true,"href":"https:\/\/www.abchukuk.com\/index.php\/wp-json\/wp\/v2\/categories?post=28014"},{"taxonomy":"post_tag","embeddable":true,"href":"https:\/\/www.abchukuk.com\/index.php\/wp-json\/wp\/v2\/tags?post=28014"}],"curies":[{"name":"wp","href":"https:\/\/api.w.org\/{rel}","templated":true}]}}