{"id":28008,"date":"2026-04-30T12:07:00","date_gmt":"2026-04-30T12:07:00","guid":{"rendered":"https:\/\/www.abchukuk.com\/index.php\/2026\/04\/30\/selcuk-ozdagdan-emekli-ikramiyesinin-asgari-ucret-seviyesine-cikarilmasi-icin-kanun-teklifi\/"},"modified":"2026-04-30T12:07:00","modified_gmt":"2026-04-30T12:07:00","slug":"selcuk-ozdagdan-emekli-ikramiyesinin-asgari-ucret-seviyesine-cikarilmasi-icin-kanun-teklifi","status":"publish","type":"post","link":"https:\/\/www.abchukuk.com\/index.php\/2026\/04\/30\/selcuk-ozdagdan-emekli-ikramiyesinin-asgari-ucret-seviyesine-cikarilmasi-icin-kanun-teklifi\/","title":{"rendered":"Sel\u00e7uk \u00d6zda\u011f\u2019dan, emekli ikramiyesinin asgari \u00fccret seviyesine \u00e7\u0131kar\u0131lmas\u0131 i\u00e7in kanun teklifi"},"content":{"rendered":"<p>Yeni Yol Grup Ba\u015fkanvekili Sel\u00e7uk \u00d6zda\u011f, \u201cEmekli bayram ikramiyesinin 4 bin TL\u2019den asgari \u00fccret seviyesine, yani 28 bin 75 TL\u2019ye \u00e7\u0131kar\u0131lmas\u0131 amac\u0131yla T\u00fcrkiye B\u00fcy\u00fck Millet Meclisi\u2019ne kanun teklifimizi sunduk. Buradan h\u00fck\u00fcmete a\u00e7\u0131k\u00e7a sesleniyorum, bu talebi \u00e7ok g\u00f6rmeyin&#8221; dedi.Yeni Yol Grup Ba\u015fkanvekili Sel\u00e7uk \u00d6zda\u011f, \u201cEmekli bayram ikramiyesinin 4 bin TL\u2019den asgari \u00fccret seviyesine, yani 28 bin 75 TL\u2019ye \u00e7\u0131kar\u0131lmas\u0131 amac\u0131yla T\u00fcrkiye B\u00fcy\u00fck Millet Meclisi\u2019ne kanun teklifimizi sunduk. Buradan h\u00fck\u00fcmete a\u00e7\u0131k\u00e7a sesleniyorum, bu talebi \u00e7ok g\u00f6rmeyin&#8221; dedi.\u00a0<a href=\"https:\/\/www.cumhuriyet.com.tr\/turkiye\/selcuk-ozdag-dan-emekli-ikramiyesinin-asgari-ucret-seviyesine-cikarilmasi-icin-kanun-teklifi-2499866\" target=\"_blank\" class=\"feedzy-rss-link-icon\">Read More<\/a><\/p>","protected":false},"excerpt":{"rendered":"<p>Yeni Yol Grup Ba\u015fkanvekili Sel\u00e7uk \u00d6zda\u011f, \u201cEmekli bayram ikramiyesinin 4 bin TL\u2019den asgari \u00fccret seviyesine, yani 28 bin 75 TL\u2019ye \u00e7\u0131kar\u0131lmas\u0131 amac\u0131yla T\u00fcrkiye B\u00fcy\u00fck Millet Meclisi\u2019ne kanun teklifimizi sunduk. Buradan h\u00fck\u00fcmete a\u00e7\u0131k\u00e7a sesleniyorum, bu talebi \u00e7ok g\u00f6rmeyin&#8221; dedi.Yeni Yol Grup Ba\u015fkanvekili Sel\u00e7uk \u00d6zda\u011f, \u201cEmekli bayram ikramiyesinin 4 bin TL\u2019den asgari \u00fccret seviyesine, yani 28 bin [&hellip;]<\/p>\n","protected":false},"author":1,"featured_media":28009,"comment_status":"open","ping_status":"open","sticky":false,"template":"","format":"standard","meta":{"footnotes":"","_links_to":"","_links_to_target":""},"categories":[1],"tags":[],"class_list":["post-28008","post","type-post","status-publish","format-standard","has-post-thumbnail","hentry","category-haberler"],"_links":{"self":[{"href":"https:\/\/www.abchukuk.com\/index.php\/wp-json\/wp\/v2\/posts\/28008","targetHints":{"allow":["GET"]}}],"collection":[{"href":"https:\/\/www.abchukuk.com\/index.php\/wp-json\/wp\/v2\/posts"}],"about":[{"href":"https:\/\/www.abchukuk.com\/index.php\/wp-json\/wp\/v2\/types\/post"}],"author":[{"embeddable":true,"href":"https:\/\/www.abchukuk.com\/index.php\/wp-json\/wp\/v2\/users\/1"}],"replies":[{"embeddable":true,"href":"https:\/\/www.abchukuk.com\/index.php\/wp-json\/wp\/v2\/comments?post=28008"}],"version-history":[{"count":0,"href":"https:\/\/www.abchukuk.com\/index.php\/wp-json\/wp\/v2\/posts\/28008\/revisions"}],"wp:featuredmedia":[{"embeddable":true,"href":"https:\/\/www.abchukuk.com\/index.php\/wp-json\/wp\/v2\/media\/28009"}],"wp:attachment":[{"href":"https:\/\/www.abchukuk.com\/index.php\/wp-json\/wp\/v2\/media?parent=28008"}],"wp:term":[{"taxonomy":"category","embeddable":true,"href":"https:\/\/www.abchukuk.com\/index.php\/wp-json\/wp\/v2\/categories?post=28008"},{"taxonomy":"post_tag","embeddable":true,"href":"https:\/\/www.abchukuk.com\/index.php\/wp-json\/wp\/v2\/tags?post=28008"}],"curies":[{"name":"wp","href":"https:\/\/api.w.org\/{rel}","templated":true}]}}