{"id":28004,"date":"2026-04-30T12:42:00","date_gmt":"2026-04-30T12:42:00","guid":{"rendered":"https:\/\/www.abchukuk.com\/index.php\/2026\/04\/30\/gazeteci-tolga-sardana-5-ay-hapis-cezasi\/"},"modified":"2026-04-30T12:42:00","modified_gmt":"2026-04-30T12:42:00","slug":"gazeteci-tolga-sardana-5-ay-hapis-cezasi","status":"publish","type":"post","link":"https:\/\/www.abchukuk.com\/index.php\/2026\/04\/30\/gazeteci-tolga-sardana-5-ay-hapis-cezasi\/","title":{"rendered":"Gazeteci Tolga \u015eardan&#8217;a 5 ay hapis cezas\u0131"},"content":{"rendered":"<p>Gazeteci Tolga \u015eardan &#8220;M\u0130T&#8217;in Cumhurba\u015fkanl\u0131\u011f\u0131&#8217;na sundu\u011fu &#8216;yarg\u0131 raporu&#8217;nda neler var?&#8221; yaz\u0131s\u0131 nedeniyle yarg\u0131land\u0131\u011f\u0131 davada 5 ay hapis cezas\u0131na \u00e7arpt\u0131r\u0131ld\u0131, h\u00fckm\u00fcn a\u00e7\u0131klanmas\u0131 geri b\u0131rak\u0131ld\u0131.Gazeteci Tolga \u015eardan &#8220;M\u0130T&#8217;in Cumhurba\u015fkanl\u0131\u011f\u0131&#8217;na sundu\u011fu &#8216;yarg\u0131 raporu&#8217;nda neler var?&#8221; yaz\u0131s\u0131 nedeniyle yarg\u0131land\u0131\u011f\u0131 davada 5 ay hapis cezas\u0131na \u00e7arpt\u0131r\u0131ld\u0131, h\u00fckm\u00fcn a\u00e7\u0131klanmas\u0131 geri b\u0131rak\u0131ld\u0131.\u00a0<a href=\"https:\/\/www.cumhuriyet.com.tr\/turkiye\/gazeteci-tolga-sardan-a-5-ay-hapis-cezasi-2499887\" target=\"_blank\" class=\"feedzy-rss-link-icon\">Read More<\/a><\/p>","protected":false},"excerpt":{"rendered":"<p>Gazeteci Tolga \u015eardan &#8220;M\u0130T&#8217;in Cumhurba\u015fkanl\u0131\u011f\u0131&#8217;na sundu\u011fu &#8216;yarg\u0131 raporu&#8217;nda neler var?&#8221; yaz\u0131s\u0131 nedeniyle yarg\u0131land\u0131\u011f\u0131 davada 5 ay hapis cezas\u0131na \u00e7arpt\u0131r\u0131ld\u0131, h\u00fckm\u00fcn a\u00e7\u0131klanmas\u0131 geri b\u0131rak\u0131ld\u0131.Gazeteci Tolga \u015eardan &#8220;M\u0130T&#8217;in Cumhurba\u015fkanl\u0131\u011f\u0131&#8217;na sundu\u011fu &#8216;yarg\u0131 raporu&#8217;nda neler var?&#8221; yaz\u0131s\u0131 nedeniyle yarg\u0131land\u0131\u011f\u0131 davada 5 ay hapis cezas\u0131na \u00e7arpt\u0131r\u0131ld\u0131, h\u00fckm\u00fcn a\u00e7\u0131klanmas\u0131 geri b\u0131rak\u0131ld\u0131.\u00a0Read More<\/p>\n","protected":false},"author":1,"featured_media":28005,"comment_status":"open","ping_status":"open","sticky":false,"template":"","format":"standard","meta":{"footnotes":"","_links_to":"","_links_to_target":""},"categories":[1],"tags":[],"class_list":["post-28004","post","type-post","status-publish","format-standard","has-post-thumbnail","hentry","category-haberler"],"_links":{"self":[{"href":"https:\/\/www.abchukuk.com\/index.php\/wp-json\/wp\/v2\/posts\/28004","targetHints":{"allow":["GET"]}}],"collection":[{"href":"https:\/\/www.abchukuk.com\/index.php\/wp-json\/wp\/v2\/posts"}],"about":[{"href":"https:\/\/www.abchukuk.com\/index.php\/wp-json\/wp\/v2\/types\/post"}],"author":[{"embeddable":true,"href":"https:\/\/www.abchukuk.com\/index.php\/wp-json\/wp\/v2\/users\/1"}],"replies":[{"embeddable":true,"href":"https:\/\/www.abchukuk.com\/index.php\/wp-json\/wp\/v2\/comments?post=28004"}],"version-history":[{"count":0,"href":"https:\/\/www.abchukuk.com\/index.php\/wp-json\/wp\/v2\/posts\/28004\/revisions"}],"wp:featuredmedia":[{"embeddable":true,"href":"https:\/\/www.abchukuk.com\/index.php\/wp-json\/wp\/v2\/media\/28005"}],"wp:attachment":[{"href":"https:\/\/www.abchukuk.com\/index.php\/wp-json\/wp\/v2\/media?parent=28004"}],"wp:term":[{"taxonomy":"category","embeddable":true,"href":"https:\/\/www.abchukuk.com\/index.php\/wp-json\/wp\/v2\/categories?post=28004"},{"taxonomy":"post_tag","embeddable":true,"href":"https:\/\/www.abchukuk.com\/index.php\/wp-json\/wp\/v2\/tags?post=28004"}],"curies":[{"name":"wp","href":"https:\/\/api.w.org\/{rel}","templated":true}]}}