{"id":28002,"date":"2026-04-30T13:35:12","date_gmt":"2026-04-30T13:35:12","guid":{"rendered":"https:\/\/www.abchukuk.com\/index.php\/2026\/04\/30\/polise-saldirmakla-yargilanan-belediye-baskanina-5-ay-hapis\/"},"modified":"2026-04-30T13:35:12","modified_gmt":"2026-04-30T13:35:12","slug":"polise-saldirmakla-yargilanan-belediye-baskanina-5-ay-hapis","status":"publish","type":"post","link":"https:\/\/www.abchukuk.com\/index.php\/2026\/04\/30\/polise-saldirmakla-yargilanan-belediye-baskanina-5-ay-hapis\/","title":{"rendered":"Polise Sald\u0131rmakla Yarg\u0131lanan Belediye Ba\u015fkan\u0131na 5 Ay Hapis"},"content":{"rendered":"<p><a href=\"https:\/\/www.gercekgundem.com\/guncel\/polise-saldirmakla-yargilanan-belediye-baskanina-5-ay-hapis-570669\"><br \/>\n                                                            <img decoding=\"async\" src=\"https:\/\/i.gercekgundem.com\/2\/150\/84\/storage\/files\/images\/2026\/04\/30\/polise-saldirmakla-yargilanan-belediye-baskanina-5-ay-hapis-ocjf.jpg\" width=\"150\" height=\"84\" border=\"0\" align=\"right\" \/><br \/>\n                                                    <\/a><\/p>\n<h4>\u0130stanbul B\u00fcy\u00fck\u015fehir Belediyesi&#8217;ne y\u00f6nelik y\u00fcr\u00fct\u00fclen yolsuzluk soru\u015fturmas\u0131 kapsam\u0131nda Ekrem \u0130mamo\u011flu&#8217;nun g\u00f6zalt\u0131na al\u0131nmas\u0131n\u0131 protesto etmek amac\u0131yla Mu\u011fla&#8217;da d\u00fczenlenen eylemde polise sald\u0131rd\u0131\u011f\u0131 \u00f6ne s\u00fcr\u00fclen Marmaris Belediye Ba\u015fkan\u0131 Acar \u00dcnl\u00fc&#8217;n\u00fcn de aralar\u0131nda bulundu\u011fu 10 san\u0131k 5\u2019er ay hapse \u00e7arpt\u0131r\u0131ld\u0131. Mahkeme, h\u00fckm\u00fcn a\u00e7\u0131klanmas\u0131n\u0131n geri b\u0131rak\u0131lmas\u0131na karar verdi.<\/h4>\n<p>\u0130stanbul B\u00fcy\u00fck\u015fehir Belediyesi&#8217;ne y\u00f6nelik y\u00fcr\u00fct\u00fclen yolsuzluk soru\u015fturmas\u0131 kapsam\u0131nda Ekrem \u0130mamo\u011flu&#8217;nun g\u00f6zalt\u0131na al\u0131nmas\u0131n\u0131 protesto etmek amac\u0131yla Mu\u011fla&#8217;da d\u00fczenlenen eylemde polise sald\u0131rd\u0131\u011f\u0131 \u00f6ne s\u00fcr\u00fclen Marmaris Belediye Ba\u015fkan\u0131 Acar \u00dcnl\u00fc&#8217;n\u00fcn de aralar\u0131nda bulundu\u011fu 10 san\u0131k 5\u2019er ay hapse \u00e7arpt\u0131r\u0131ld\u0131. Mahkeme, h\u00fckm\u00fcn a\u00e7\u0131klanmas\u0131n\u0131n geri b\u0131rak\u0131lmas\u0131na karar verdi.\u00a0<a href=\"https:\/\/www.gercekgundem.com\/guncel\/polise-saldirmakla-yargilanan-belediye-baskanina-5-ay-hapis-570669\" target=\"_blank\" class=\"feedzy-rss-link-icon\">Read More<\/a><\/p>","protected":false},"excerpt":{"rendered":"<p>\u0130stanbul B\u00fcy\u00fck\u015fehir Belediyesi&#8217;ne y\u00f6nelik y\u00fcr\u00fct\u00fclen yolsuzluk soru\u015fturmas\u0131 kapsam\u0131nda Ekrem \u0130mamo\u011flu&#8217;nun g\u00f6zalt\u0131na al\u0131nmas\u0131n\u0131 protesto etmek amac\u0131yla Mu\u011fla&#8217;da d\u00fczenlenen eylemde polise sald\u0131rd\u0131\u011f\u0131 \u00f6ne s\u00fcr\u00fclen Marmaris Belediye Ba\u015fkan\u0131 Acar \u00dcnl\u00fc&#8217;n\u00fcn de aralar\u0131nda bulundu\u011fu 10 san\u0131k 5\u2019er ay hapse \u00e7arpt\u0131r\u0131ld\u0131. Mahkeme, h\u00fckm\u00fcn a\u00e7\u0131klanmas\u0131n\u0131n geri b\u0131rak\u0131lmas\u0131na karar verdi. \u0130stanbul B\u00fcy\u00fck\u015fehir Belediyesi&#8217;ne y\u00f6nelik y\u00fcr\u00fct\u00fclen yolsuzluk soru\u015fturmas\u0131 kapsam\u0131nda Ekrem \u0130mamo\u011flu&#8217;nun g\u00f6zalt\u0131na al\u0131nmas\u0131n\u0131 [&hellip;]<\/p>\n","protected":false},"author":1,"featured_media":28003,"comment_status":"open","ping_status":"open","sticky":false,"template":"","format":"standard","meta":{"footnotes":"","_links_to":"","_links_to_target":""},"categories":[1],"tags":[],"class_list":["post-28002","post","type-post","status-publish","format-standard","has-post-thumbnail","hentry","category-haberler"],"_links":{"self":[{"href":"https:\/\/www.abchukuk.com\/index.php\/wp-json\/wp\/v2\/posts\/28002","targetHints":{"allow":["GET"]}}],"collection":[{"href":"https:\/\/www.abchukuk.com\/index.php\/wp-json\/wp\/v2\/posts"}],"about":[{"href":"https:\/\/www.abchukuk.com\/index.php\/wp-json\/wp\/v2\/types\/post"}],"author":[{"embeddable":true,"href":"https:\/\/www.abchukuk.com\/index.php\/wp-json\/wp\/v2\/users\/1"}],"replies":[{"embeddable":true,"href":"https:\/\/www.abchukuk.com\/index.php\/wp-json\/wp\/v2\/comments?post=28002"}],"version-history":[{"count":0,"href":"https:\/\/www.abchukuk.com\/index.php\/wp-json\/wp\/v2\/posts\/28002\/revisions"}],"wp:featuredmedia":[{"embeddable":true,"href":"https:\/\/www.abchukuk.com\/index.php\/wp-json\/wp\/v2\/media\/28003"}],"wp:attachment":[{"href":"https:\/\/www.abchukuk.com\/index.php\/wp-json\/wp\/v2\/media?parent=28002"}],"wp:term":[{"taxonomy":"category","embeddable":true,"href":"https:\/\/www.abchukuk.com\/index.php\/wp-json\/wp\/v2\/categories?post=28002"},{"taxonomy":"post_tag","embeddable":true,"href":"https:\/\/www.abchukuk.com\/index.php\/wp-json\/wp\/v2\/tags?post=28002"}],"curies":[{"name":"wp","href":"https:\/\/api.w.org\/{rel}","templated":true}]}}