{"id":28001,"date":"2026-04-30T13:37:56","date_gmt":"2026-04-30T13:37:56","guid":{"rendered":"https:\/\/www.abchukuk.com\/index.php\/2026\/04\/30\/ibb-davasinda-tutuklu-15-kisi-icin-tahliye-karari\/"},"modified":"2026-04-30T13:37:56","modified_gmt":"2026-04-30T13:37:56","slug":"ibb-davasinda-tutuklu-15-kisi-icin-tahliye-karari","status":"publish","type":"post","link":"https:\/\/www.abchukuk.com\/index.php\/2026\/04\/30\/ibb-davasinda-tutuklu-15-kisi-icin-tahliye-karari\/","title":{"rendered":"\u0130BB davas\u0131nda tutuklu 15 ki\u015fi i\u00e7in tahliye karar\u0131"},"content":{"rendered":"<p>&#8220;\u0130mamo\u011flu \u00e7\u0131kar ama\u00e7l\u0131 su\u00e7 \u00f6rg\u00fct\u00fc&#8221;ne ili\u015fkin 92&#8217;si tutuklu 414 ki\u015finin yarg\u0131land\u0131\u011f\u0131 davada mahkeme, aralar\u0131nda Adem Soytekin&#8217;in de oldu\u011fu 15 ki\u015finin tahliyesine karar verdi.&#8221;\u0130mamo\u011flu \u00e7\u0131kar ama\u00e7l\u0131 su\u00e7 \u00f6rg\u00fct\u00fc&#8221;ne ili\u015fkin 92&#8217;si tutuklu 414 ki\u015finin yarg\u0131land\u0131\u011f\u0131 davada mahkeme, aralar\u0131nda Adem Soytekin&#8217;in de oldu\u011fu 15 ki\u015finin tahliyesine karar verdi.\u00a0<a href=\"https:\/\/anlatilaninotesi.com.tr\/20260430\/ibb-davasinda-tutuklu-15-kisi-icin-tahliye-karari-1105402409.html\" target=\"_blank\" class=\"feedzy-rss-link-icon\">Read More<\/a><\/p>","protected":false},"excerpt":{"rendered":"<p>&#8220;\u0130mamo\u011flu \u00e7\u0131kar ama\u00e7l\u0131 su\u00e7 \u00f6rg\u00fct\u00fc&#8221;ne ili\u015fkin 92&#8217;si tutuklu 414 ki\u015finin yarg\u0131land\u0131\u011f\u0131 davada mahkeme, aralar\u0131nda Adem Soytekin&#8217;in de oldu\u011fu 15 ki\u015finin tahliyesine karar verdi.&#8221;\u0130mamo\u011flu \u00e7\u0131kar ama\u00e7l\u0131 su\u00e7 \u00f6rg\u00fct\u00fc&#8221;ne ili\u015fkin 92&#8217;si tutuklu 414 ki\u015finin yarg\u0131land\u0131\u011f\u0131 davada mahkeme, aralar\u0131nda Adem Soytekin&#8217;in de oldu\u011fu 15 ki\u015finin tahliyesine karar verdi.\u00a0Read More<\/p>\n","protected":false},"author":1,"featured_media":0,"comment_status":"open","ping_status":"open","sticky":false,"template":"","format":"standard","meta":{"footnotes":"","_links_to":"","_links_to_target":""},"categories":[1],"tags":[],"class_list":["post-28001","post","type-post","status-publish","format-standard","hentry","category-haberler"],"_links":{"self":[{"href":"https:\/\/www.abchukuk.com\/index.php\/wp-json\/wp\/v2\/posts\/28001","targetHints":{"allow":["GET"]}}],"collection":[{"href":"https:\/\/www.abchukuk.com\/index.php\/wp-json\/wp\/v2\/posts"}],"about":[{"href":"https:\/\/www.abchukuk.com\/index.php\/wp-json\/wp\/v2\/types\/post"}],"author":[{"embeddable":true,"href":"https:\/\/www.abchukuk.com\/index.php\/wp-json\/wp\/v2\/users\/1"}],"replies":[{"embeddable":true,"href":"https:\/\/www.abchukuk.com\/index.php\/wp-json\/wp\/v2\/comments?post=28001"}],"version-history":[{"count":0,"href":"https:\/\/www.abchukuk.com\/index.php\/wp-json\/wp\/v2\/posts\/28001\/revisions"}],"wp:attachment":[{"href":"https:\/\/www.abchukuk.com\/index.php\/wp-json\/wp\/v2\/media?parent=28001"}],"wp:term":[{"taxonomy":"category","embeddable":true,"href":"https:\/\/www.abchukuk.com\/index.php\/wp-json\/wp\/v2\/categories?post=28001"},{"taxonomy":"post_tag","embeddable":true,"href":"https:\/\/www.abchukuk.com\/index.php\/wp-json\/wp\/v2\/tags?post=28001"}],"curies":[{"name":"wp","href":"https:\/\/api.w.org\/{rel}","templated":true}]}}