{"id":27994,"date":"2026-04-30T09:48:00","date_gmt":"2026-04-30T09:48:00","guid":{"rendered":"https:\/\/www.abchukuk.com\/index.php\/2026\/04\/30\/son-dakika-ibb-davasinda-durusma-sirasinda-bir-gozalti-daha-gazeteci-erhan-tekten-gozaltina-alindi\/"},"modified":"2026-04-30T09:48:00","modified_gmt":"2026-04-30T09:48:00","slug":"son-dakika-ibb-davasinda-durusma-sirasinda-bir-gozalti-daha-gazeteci-erhan-tekten-gozaltina-alindi","status":"publish","type":"post","link":"https:\/\/www.abchukuk.com\/index.php\/2026\/04\/30\/son-dakika-ibb-davasinda-durusma-sirasinda-bir-gozalti-daha-gazeteci-erhan-tekten-gozaltina-alindi\/","title":{"rendered":"Son dakika&#8230; \u0130BB davas\u0131nda duru\u015fma s\u0131ras\u0131nda bir g\u00f6zalt\u0131 daha: Gazeteci Erhan Tekten g\u00f6zalt\u0131na al\u0131nd\u0131"},"content":{"rendered":"<p>Son dakika haberi&#8230; \u0130BB davas\u0131n\u0131n bug\u00fcnk\u00fc celsesinde, bir ki\u015finin \u00e7ekti\u011fi genel foto\u011frafta savc\u0131n\u0131n g\u00f6r\u00fcnd\u00fc\u011f\u00fc ve WhatsApp grubundan foto\u011fraf\u0131 g\u00f6nderdi\u011fi tespit edilince jandarmalar g\u00f6zalt\u0131 yapt\u0131. G\u00f6zalt\u0131na al\u0131nan ki\u015finin gazeteci Erhan Tekten oldu\u011fu \u00f6\u011frenildi.Son dakika haberi&#8230; \u0130BB davas\u0131n\u0131n bug\u00fcnk\u00fc celsesinde, bir ki\u015finin \u00e7ekti\u011fi genel foto\u011frafta savc\u0131n\u0131n g\u00f6r\u00fcnd\u00fc\u011f\u00fc ve WhatsApp grubundan foto\u011fraf\u0131 g\u00f6nderdi\u011fi tespit edilince jandarmalar g\u00f6zalt\u0131 yapt\u0131. G\u00f6zalt\u0131na al\u0131nan ki\u015finin gazeteci Erhan Tekten oldu\u011fu \u00f6\u011frenildi.\u00a0<a href=\"https:\/\/www.cumhuriyet.com.tr\/siyaset\/son-dakika-ibb-davasinda-durusma-sirasinda-bir-gozalti-daha-gazeteci-erhan-tekten-gozaltina-alindi-2499827\" target=\"_blank\" class=\"feedzy-rss-link-icon\">Read More<\/a><\/p>","protected":false},"excerpt":{"rendered":"<p>Son dakika haberi&#8230; \u0130BB davas\u0131n\u0131n bug\u00fcnk\u00fc celsesinde, bir ki\u015finin \u00e7ekti\u011fi genel foto\u011frafta savc\u0131n\u0131n g\u00f6r\u00fcnd\u00fc\u011f\u00fc ve WhatsApp grubundan foto\u011fraf\u0131 g\u00f6nderdi\u011fi tespit edilince jandarmalar g\u00f6zalt\u0131 yapt\u0131. G\u00f6zalt\u0131na al\u0131nan ki\u015finin gazeteci Erhan Tekten oldu\u011fu \u00f6\u011frenildi.Son dakika haberi&#8230; \u0130BB davas\u0131n\u0131n bug\u00fcnk\u00fc celsesinde, bir ki\u015finin \u00e7ekti\u011fi genel foto\u011frafta savc\u0131n\u0131n g\u00f6r\u00fcnd\u00fc\u011f\u00fc ve WhatsApp grubundan foto\u011fraf\u0131 g\u00f6nderdi\u011fi tespit edilince jandarmalar g\u00f6zalt\u0131 yapt\u0131. [&hellip;]<\/p>\n","protected":false},"author":1,"featured_media":27995,"comment_status":"open","ping_status":"open","sticky":false,"template":"","format":"standard","meta":{"footnotes":"","_links_to":"","_links_to_target":""},"categories":[1],"tags":[],"class_list":["post-27994","post","type-post","status-publish","format-standard","has-post-thumbnail","hentry","category-haberler"],"_links":{"self":[{"href":"https:\/\/www.abchukuk.com\/index.php\/wp-json\/wp\/v2\/posts\/27994","targetHints":{"allow":["GET"]}}],"collection":[{"href":"https:\/\/www.abchukuk.com\/index.php\/wp-json\/wp\/v2\/posts"}],"about":[{"href":"https:\/\/www.abchukuk.com\/index.php\/wp-json\/wp\/v2\/types\/post"}],"author":[{"embeddable":true,"href":"https:\/\/www.abchukuk.com\/index.php\/wp-json\/wp\/v2\/users\/1"}],"replies":[{"embeddable":true,"href":"https:\/\/www.abchukuk.com\/index.php\/wp-json\/wp\/v2\/comments?post=27994"}],"version-history":[{"count":0,"href":"https:\/\/www.abchukuk.com\/index.php\/wp-json\/wp\/v2\/posts\/27994\/revisions"}],"wp:featuredmedia":[{"embeddable":true,"href":"https:\/\/www.abchukuk.com\/index.php\/wp-json\/wp\/v2\/media\/27995"}],"wp:attachment":[{"href":"https:\/\/www.abchukuk.com\/index.php\/wp-json\/wp\/v2\/media?parent=27994"}],"wp:term":[{"taxonomy":"category","embeddable":true,"href":"https:\/\/www.abchukuk.com\/index.php\/wp-json\/wp\/v2\/categories?post=27994"},{"taxonomy":"post_tag","embeddable":true,"href":"https:\/\/www.abchukuk.com\/index.php\/wp-json\/wp\/v2\/tags?post=27994"}],"curies":[{"name":"wp","href":"https:\/\/api.w.org\/{rel}","templated":true}]}}