{"id":27992,"date":"2026-04-30T10:19:00","date_gmt":"2026-04-30T10:19:00","guid":{"rendered":"https:\/\/www.abchukuk.com\/index.php\/2026\/04\/30\/ibb-davasinda-flas-gelisme-savci-9-sanik-icin-tahliye-istedi\/"},"modified":"2026-04-30T10:19:00","modified_gmt":"2026-04-30T10:19:00","slug":"ibb-davasinda-flas-gelisme-savci-9-sanik-icin-tahliye-istedi","status":"publish","type":"post","link":"https:\/\/www.abchukuk.com\/index.php\/2026\/04\/30\/ibb-davasinda-flas-gelisme-savci-9-sanik-icin-tahliye-istedi\/","title":{"rendered":"\u0130BB Davas\u0131nda Fla\u015f Geli\u015fme: Savc\u0131 9 San\u0131k \u0130\u00e7in Tahliye \u0130stedi"},"content":{"rendered":"<p><a href=\"https:\/\/www.gercekgundem.com\/guncel\/ibb-davasinda-flas-gelisme-savci-9-sanik-icin-tahliye-istedi-570657\"><br \/>\n                                                            <img decoding=\"async\" src=\"https:\/\/i.gercekgundem.com\/2\/150\/84\/storage\/files\/images\/2026\/04\/30\/ibb-davasinda-flas-gelisme-savci-9-sanik-icin-tahliye-istedi-b0qi.jpg\" width=\"150\" height=\"84\" border=\"0\" align=\"right\" \/><br \/>\n                                                    <\/a><\/p>\n<h4>\u0130stanbul 40. A\u011f\u0131r Ceza Mahkemesi\u2019nde g\u00f6r\u00fclen 414 san\u0131kl\u0131 \u0130BB Davas\u0131\u2019nda duru\u015fma savc\u0131s\u0131, aralar\u0131nda veri uzmanlar\u0131, yaz\u0131l\u0131m koordinat\u00f6rleri ve koruma g\u00f6revlilerinin de bulundu\u011fu 9 tutuklu san\u0131\u011f\u0131n tahliyesini talep etti.<\/h4>\n<p>\u0130stanbul 40. A\u011f\u0131r Ceza Mahkemesi\u2019nde g\u00f6r\u00fclen 414 san\u0131kl\u0131 \u0130BB Davas\u0131\u2019nda duru\u015fma savc\u0131s\u0131, aralar\u0131nda veri uzmanlar\u0131, yaz\u0131l\u0131m koordinat\u00f6rleri ve koruma g\u00f6revlilerinin de bulundu\u011fu 9 tutuklu san\u0131\u011f\u0131n tahliyesini talep etti.\u00a0<a href=\"https:\/\/www.gercekgundem.com\/guncel\/ibb-davasinda-flas-gelisme-savci-9-sanik-icin-tahliye-istedi-570657\" target=\"_blank\" class=\"feedzy-rss-link-icon\">Read More<\/a><\/p>","protected":false},"excerpt":{"rendered":"<p>\u0130stanbul 40. A\u011f\u0131r Ceza Mahkemesi\u2019nde g\u00f6r\u00fclen 414 san\u0131kl\u0131 \u0130BB Davas\u0131\u2019nda duru\u015fma savc\u0131s\u0131, aralar\u0131nda veri uzmanlar\u0131, yaz\u0131l\u0131m koordinat\u00f6rleri ve koruma g\u00f6revlilerinin de bulundu\u011fu 9 tutuklu san\u0131\u011f\u0131n tahliyesini talep etti. \u0130stanbul 40. A\u011f\u0131r Ceza Mahkemesi\u2019nde g\u00f6r\u00fclen 414 san\u0131kl\u0131 \u0130BB Davas\u0131\u2019nda duru\u015fma savc\u0131s\u0131, aralar\u0131nda veri uzmanlar\u0131, yaz\u0131l\u0131m koordinat\u00f6rleri ve koruma g\u00f6revlilerinin de bulundu\u011fu 9 tutuklu san\u0131\u011f\u0131n tahliyesini talep [&hellip;]<\/p>\n","protected":false},"author":1,"featured_media":27993,"comment_status":"open","ping_status":"open","sticky":false,"template":"","format":"standard","meta":{"footnotes":"","_links_to":"","_links_to_target":""},"categories":[1],"tags":[],"class_list":["post-27992","post","type-post","status-publish","format-standard","has-post-thumbnail","hentry","category-haberler"],"_links":{"self":[{"href":"https:\/\/www.abchukuk.com\/index.php\/wp-json\/wp\/v2\/posts\/27992","targetHints":{"allow":["GET"]}}],"collection":[{"href":"https:\/\/www.abchukuk.com\/index.php\/wp-json\/wp\/v2\/posts"}],"about":[{"href":"https:\/\/www.abchukuk.com\/index.php\/wp-json\/wp\/v2\/types\/post"}],"author":[{"embeddable":true,"href":"https:\/\/www.abchukuk.com\/index.php\/wp-json\/wp\/v2\/users\/1"}],"replies":[{"embeddable":true,"href":"https:\/\/www.abchukuk.com\/index.php\/wp-json\/wp\/v2\/comments?post=27992"}],"version-history":[{"count":0,"href":"https:\/\/www.abchukuk.com\/index.php\/wp-json\/wp\/v2\/posts\/27992\/revisions"}],"wp:featuredmedia":[{"embeddable":true,"href":"https:\/\/www.abchukuk.com\/index.php\/wp-json\/wp\/v2\/media\/27993"}],"wp:attachment":[{"href":"https:\/\/www.abchukuk.com\/index.php\/wp-json\/wp\/v2\/media?parent=27992"}],"wp:term":[{"taxonomy":"category","embeddable":true,"href":"https:\/\/www.abchukuk.com\/index.php\/wp-json\/wp\/v2\/categories?post=27992"},{"taxonomy":"post_tag","embeddable":true,"href":"https:\/\/www.abchukuk.com\/index.php\/wp-json\/wp\/v2\/tags?post=27992"}],"curies":[{"name":"wp","href":"https:\/\/api.w.org\/{rel}","templated":true}]}}