{"id":27982,"date":"2026-04-30T11:37:00","date_gmt":"2026-04-30T11:37:00","guid":{"rendered":"https:\/\/www.abchukuk.com\/index.php\/2026\/04\/30\/genel-saglik-isten-emsal-karar-mahkeme-karari-bizim-hakliligimizi-ortaya-koydu\/"},"modified":"2026-04-30T11:37:00","modified_gmt":"2026-04-30T11:37:00","slug":"genel-saglik-isten-emsal-karar-mahkeme-karari-bizim-hakliligimizi-ortaya-koydu","status":"publish","type":"post","link":"https:\/\/www.abchukuk.com\/index.php\/2026\/04\/30\/genel-saglik-isten-emsal-karar-mahkeme-karari-bizim-hakliligimizi-ortaya-koydu\/","title":{"rendered":"Genel Sa\u011fl\u0131k-i\u015f\u2019ten emsal karar: &#8216;Mahkeme karar\u0131 bizim hakl\u0131l\u0131\u011f\u0131m\u0131z\u0131 ortaya koydu&#8217;"},"content":{"rendered":"<p>Genel Sa\u011fl\u0131k-\u0130\u015f Sendikas\u0131 Genel Ba\u015fkan\u0131 Dr. Derya U\u011fur, Sinop A\u011f\u0131z ve Di\u015f Sa\u011fl\u0131\u011f\u0131 Merkezi\u2019nde g\u00f6rev yapan \u00fcyeleri ad\u0131na, A\u011f\u0131z ve Di\u015f Sa\u011fl\u0131\u011f\u0131 Teknikerlerinin g\u00f6rev tan\u0131m\u0131 d\u0131\u015f\u0131nda \u00e7al\u0131\u015ft\u0131r\u0131lmas\u0131na kar\u015f\u0131 a\u00e7\u0131lan davan\u0131n sendika lehine sonu\u00e7land\u0131\u011f\u0131n\u0131 a\u00e7\u0131klad\u0131.Genel Sa\u011fl\u0131k-\u0130\u015f Sendikas\u0131 Genel Ba\u015fkan\u0131 Dr. Derya U\u011fur, Sinop A\u011f\u0131z ve Di\u015f Sa\u011fl\u0131\u011f\u0131 Merkezi\u2019nde g\u00f6rev yapan \u00fcyeleri ad\u0131na, A\u011f\u0131z ve Di\u015f Sa\u011fl\u0131\u011f\u0131 Teknikerlerinin g\u00f6rev tan\u0131m\u0131 d\u0131\u015f\u0131nda \u00e7al\u0131\u015ft\u0131r\u0131lmas\u0131na kar\u015f\u0131 a\u00e7\u0131lan davan\u0131n sendika lehine sonu\u00e7land\u0131\u011f\u0131n\u0131 a\u00e7\u0131klad\u0131.\u00a0<a href=\"https:\/\/www.cumhuriyet.com.tr\/saglik\/genel-saglik-is-ten-emsal-karar-mahkeme-karari-bizim-hakliligimizi-ortaya-koydu-2499859\" target=\"_blank\" class=\"feedzy-rss-link-icon\">Read More<\/a><\/p>","protected":false},"excerpt":{"rendered":"<p>Genel Sa\u011fl\u0131k-\u0130\u015f Sendikas\u0131 Genel Ba\u015fkan\u0131 Dr. Derya U\u011fur, Sinop A\u011f\u0131z ve Di\u015f Sa\u011fl\u0131\u011f\u0131 Merkezi\u2019nde g\u00f6rev yapan \u00fcyeleri ad\u0131na, A\u011f\u0131z ve Di\u015f Sa\u011fl\u0131\u011f\u0131 Teknikerlerinin g\u00f6rev tan\u0131m\u0131 d\u0131\u015f\u0131nda \u00e7al\u0131\u015ft\u0131r\u0131lmas\u0131na kar\u015f\u0131 a\u00e7\u0131lan davan\u0131n sendika lehine sonu\u00e7land\u0131\u011f\u0131n\u0131 a\u00e7\u0131klad\u0131.Genel Sa\u011fl\u0131k-\u0130\u015f Sendikas\u0131 Genel Ba\u015fkan\u0131 Dr. Derya U\u011fur, Sinop A\u011f\u0131z ve Di\u015f Sa\u011fl\u0131\u011f\u0131 Merkezi\u2019nde g\u00f6rev yapan \u00fcyeleri ad\u0131na, A\u011f\u0131z ve Di\u015f Sa\u011fl\u0131\u011f\u0131 [&hellip;]<\/p>\n","protected":false},"author":1,"featured_media":27983,"comment_status":"open","ping_status":"open","sticky":false,"template":"","format":"standard","meta":{"footnotes":"","_links_to":"","_links_to_target":""},"categories":[1],"tags":[],"class_list":["post-27982","post","type-post","status-publish","format-standard","has-post-thumbnail","hentry","category-haberler"],"_links":{"self":[{"href":"https:\/\/www.abchukuk.com\/index.php\/wp-json\/wp\/v2\/posts\/27982","targetHints":{"allow":["GET"]}}],"collection":[{"href":"https:\/\/www.abchukuk.com\/index.php\/wp-json\/wp\/v2\/posts"}],"about":[{"href":"https:\/\/www.abchukuk.com\/index.php\/wp-json\/wp\/v2\/types\/post"}],"author":[{"embeddable":true,"href":"https:\/\/www.abchukuk.com\/index.php\/wp-json\/wp\/v2\/users\/1"}],"replies":[{"embeddable":true,"href":"https:\/\/www.abchukuk.com\/index.php\/wp-json\/wp\/v2\/comments?post=27982"}],"version-history":[{"count":0,"href":"https:\/\/www.abchukuk.com\/index.php\/wp-json\/wp\/v2\/posts\/27982\/revisions"}],"wp:featuredmedia":[{"embeddable":true,"href":"https:\/\/www.abchukuk.com\/index.php\/wp-json\/wp\/v2\/media\/27983"}],"wp:attachment":[{"href":"https:\/\/www.abchukuk.com\/index.php\/wp-json\/wp\/v2\/media?parent=27982"}],"wp:term":[{"taxonomy":"category","embeddable":true,"href":"https:\/\/www.abchukuk.com\/index.php\/wp-json\/wp\/v2\/categories?post=27982"},{"taxonomy":"post_tag","embeddable":true,"href":"https:\/\/www.abchukuk.com\/index.php\/wp-json\/wp\/v2\/tags?post=27982"}],"curies":[{"name":"wp","href":"https:\/\/api.w.org\/{rel}","templated":true}]}}