{"id":27980,"date":"2026-04-30T11:50:19","date_gmt":"2026-04-30T11:50:19","guid":{"rendered":"https:\/\/www.abchukuk.com\/index.php\/2026\/04\/30\/hsk-heyetinden-gaziosmanpasa-adliyesine-kritik-ziyaret\/"},"modified":"2026-04-30T11:50:19","modified_gmt":"2026-04-30T11:50:19","slug":"hsk-heyetinden-gaziosmanpasa-adliyesine-kritik-ziyaret","status":"publish","type":"post","link":"https:\/\/www.abchukuk.com\/index.php\/2026\/04\/30\/hsk-heyetinden-gaziosmanpasa-adliyesine-kritik-ziyaret\/","title":{"rendered":"HSK HEYET\u0130NDEN GAZ\u0130OSMANPA\u015eA ADL\u0130YES\u0130\u2019NE KR\u0130T\u0130K Z\u0130YARET!"},"content":{"rendered":"<p class=\"p1\">SON.TV\/\u0130STANBUL<\/p>\n<p>\u00a0<\/p>\n<p class=\"p1\"><span class=\"s1\">SAHADA DO\u011eRUDAN \u0130NCELEME<\/span><\/p>\n<p class=\"p1\"><span class=\"s2\">HSK Birinci Daire Ba\u015fkan\u0131 Turan Kulo\u011flu, Gaziosmanpa\u015fa Cumhuriyet Ba\u015fsavc\u0131s\u0131 Hasan Dalak ve Adalet Komisyonu Ba\u015fkan\u0131 Ramazan Oru\u00e7 taraf\u0131ndan kar\u015f\u0131land\u0131. Ziyaret kapsam\u0131nda ger\u00e7ekle\u015ftirilen g\u00f6r\u00fc\u015fmelerde, adliyenin genel i\u015fleyi\u015fi ve yarg\u0131 s\u00fcre\u00e7leri ele al\u0131nd\u0131.<\/span><\/p>\n<p><img fetchpriority=\"high\" decoding=\"async\" class=\"alignnone size-medium wp-image-171758\" src=\"https:\/\/www.son.tv\/wp-content\/uploads\/2026\/04\/ab87a1b1-a3f5-4445-a9d1-7fc7a8491983-300x182.jpeg\" alt=\"\" width=\"300\" height=\"182\" \/><\/p>\n<p class=\"p1\"><span class=\"s1\">\u0130\u015e Y\u00dcK\u00dc VE PERFORMANS DE\u011eERLEND\u0130R\u0130LD\u0130<\/span><\/p>\n<p class=\"p1\"><span class=\"s2\">Toplant\u0131larda adliyenin mevcut dosya yo\u011funlu\u011fu, birimlerin performans\u0131 ve yarg\u0131lamalar\u0131n h\u0131z\u0131na ili\u015fkin ba\u015fl\u0131klar detayl\u0131 \u015fekilde de\u011ferlendirildi. Artan i\u015f y\u00fck\u00fcne kar\u015f\u0131 al\u0131nabilecek tedbirler \u00fczerinde duruldu.<\/span><\/p>\n<p><img decoding=\"async\" class=\"alignnone size-medium wp-image-171759\" src=\"https:\/\/www.son.tv\/wp-content\/uploads\/2026\/04\/2e63279c-7ae9-4032-b585-15d6c51d97ca-300x200.jpeg\" alt=\"\" width=\"300\" height=\"200\" \/><\/p>\n<p>\u00a0<\/p>\n<p class=\"p1\"><span class=\"s1\">F\u0130Z\u0130K\u0130 \u015eARTLAR MASAYA YATIRILDI<\/span><\/p>\n<p class=\"p1\"><span class=\"s2\">Ziyaret s\u0131ras\u0131nda adliyenin fiziki kapasitesi, personel durumu ve teknik altyap\u0131 imkanlar\u0131 da incelendi. \u00d6zellikle yo\u011funluk kar\u015f\u0131s\u0131nda hizmet kalitesinin korunmas\u0131na y\u00f6nelik ihtiya\u00e7lar g\u00fcndeme geldi.<\/span><\/p>\n<p>\u00a0<\/p>\n<p><img decoding=\"async\" class=\"alignnone size-medium wp-image-171760\" src=\"https:\/\/www.son.tv\/wp-content\/uploads\/2026\/04\/21bf89f5-c1c6-4c79-8ce4-c06bef8093fd-300x200.jpeg\" alt=\"\" width=\"300\" height=\"200\" \/><\/p>\n<p class=\"p1\"><span class=\"s1\">KARARNAME \u00d6NCES\u0130 KR\u0130T\u0130K TEMAS<\/span><\/p>\n<p class=\"p1\"><span class=\"s2\">HSK\u2019n\u0131n saha ziyaretlerinin, yaz kararnamesi \u00f6ncesinde veri toplama s\u00fcrecinin \u00f6nemli bir par\u00e7as\u0131 oldu\u011fu belirtiliyor. Gaziosmanpa\u015fa Adliyesi\u2019ndeki g\u00f6zlemlerin, g\u00f6rev de\u011fi\u015fiklikleri ve yeni atamalarda etkili olabilece\u011fi ifade ediliyor.<\/span><\/p>\n<p class=\"p1\"><span class=\"s1\">ET\u0130KETLER:<\/span><\/p>\n<p class=\"p1\"><span class=\"s2\">#HSK<\/span><\/p>\n<p class=\"p1\"><span class=\"s2\">#TuranKulo\u011flu<\/span><\/p>\n<p class=\"p1\"><span class=\"s2\">#Gaziosmanpa\u015faAdliyesi<\/span><\/p>\n<p class=\"p1\"><span class=\"s2\">#Adalet<\/span><\/p>\n<p class=\"p1\"><span class=\"s2\">#Yarg\u0131<\/span><\/p>\n<p class=\"p1\"><span class=\"s2\">#Kararname<\/span><\/p>\n<p class=\"p1\"><span class=\"s2\">#HakimSavc\u0131<\/span><\/p>\n<p class=\"p1\"><span class=\"s2\">#Adliye<\/span><\/p>\n<p class=\"p1\"><span class=\"s2\">#Hukuk<\/span><\/p>\n<p class=\"p1\"><span class=\"s2\">#Yarg\u0131G\u00fcndemi<\/span><\/p>\n<p>HSK Birinci Daire Ba\u015fkan\u0131 Turan Kulo\u011flu, Gaziosmanpa\u015fa Adliyesi\u2019ni ziyaret ederek i\u015fleyi\u015fi yerinde inceledi. Ziyaretin, yakla\u015fan yaz kararnamesi \u00f6ncesinde sahadaki durumu analiz etmeye y\u00f6nelik, \u00f6nemli bir ad\u0131m oldu\u011fu de\u011ferlendiriliyor.\u00a0<a href=\"https:\/\/www.son.tv\/hsk-heyetinden-gaziosmanpasa-adliyesine-kritik-ziyaret\/\" target=\"_blank\" class=\"feedzy-rss-link-icon\">Read More<\/a><\/p>","protected":false},"excerpt":{"rendered":"<p>SON.TV\/\u0130STANBUL \u00a0 SAHADA DO\u011eRUDAN \u0130NCELEME HSK Birinci Daire Ba\u015fkan\u0131 Turan Kulo\u011flu, Gaziosmanpa\u015fa Cumhuriyet Ba\u015fsavc\u0131s\u0131 Hasan Dalak ve Adalet Komisyonu Ba\u015fkan\u0131 Ramazan Oru\u00e7 taraf\u0131ndan kar\u015f\u0131land\u0131. Ziyaret kapsam\u0131nda ger\u00e7ekle\u015ftirilen g\u00f6r\u00fc\u015fmelerde, adliyenin genel i\u015fleyi\u015fi ve yarg\u0131 s\u00fcre\u00e7leri ele al\u0131nd\u0131. \u0130\u015e Y\u00dcK\u00dc VE PERFORMANS DE\u011eERLEND\u0130R\u0130LD\u0130 Toplant\u0131larda adliyenin mevcut dosya yo\u011funlu\u011fu, birimlerin performans\u0131 ve yarg\u0131lamalar\u0131n h\u0131z\u0131na ili\u015fkin ba\u015fl\u0131klar detayl\u0131 \u015fekilde [&hellip;]<\/p>\n","protected":false},"author":1,"featured_media":27981,"comment_status":"open","ping_status":"open","sticky":false,"template":"","format":"standard","meta":{"footnotes":"","_links_to":"","_links_to_target":""},"categories":[1],"tags":[],"class_list":["post-27980","post","type-post","status-publish","format-standard","has-post-thumbnail","hentry","category-haberler"],"_links":{"self":[{"href":"https:\/\/www.abchukuk.com\/index.php\/wp-json\/wp\/v2\/posts\/27980","targetHints":{"allow":["GET"]}}],"collection":[{"href":"https:\/\/www.abchukuk.com\/index.php\/wp-json\/wp\/v2\/posts"}],"about":[{"href":"https:\/\/www.abchukuk.com\/index.php\/wp-json\/wp\/v2\/types\/post"}],"author":[{"embeddable":true,"href":"https:\/\/www.abchukuk.com\/index.php\/wp-json\/wp\/v2\/users\/1"}],"replies":[{"embeddable":true,"href":"https:\/\/www.abchukuk.com\/index.php\/wp-json\/wp\/v2\/comments?post=27980"}],"version-history":[{"count":0,"href":"https:\/\/www.abchukuk.com\/index.php\/wp-json\/wp\/v2\/posts\/27980\/revisions"}],"wp:featuredmedia":[{"embeddable":true,"href":"https:\/\/www.abchukuk.com\/index.php\/wp-json\/wp\/v2\/media\/27981"}],"wp:attachment":[{"href":"https:\/\/www.abchukuk.com\/index.php\/wp-json\/wp\/v2\/media?parent=27980"}],"wp:term":[{"taxonomy":"category","embeddable":true,"href":"https:\/\/www.abchukuk.com\/index.php\/wp-json\/wp\/v2\/categories?post=27980"},{"taxonomy":"post_tag","embeddable":true,"href":"https:\/\/www.abchukuk.com\/index.php\/wp-json\/wp\/v2\/tags?post=27980"}],"curies":[{"name":"wp","href":"https:\/\/api.w.org\/{rel}","templated":true}]}}