{"id":27978,"date":"2026-04-30T12:00:00","date_gmt":"2026-04-30T12:00:00","guid":{"rendered":"https:\/\/www.abchukuk.com\/index.php\/2026\/04\/30\/dilek-imamoglu-silivriden-seslendi-yandas-basin-durusmalara-neden-katilmayi-biraktiniz\/"},"modified":"2026-04-30T12:00:00","modified_gmt":"2026-04-30T12:00:00","slug":"dilek-imamoglu-silivriden-seslendi-yandas-basin-durusmalara-neden-katilmayi-biraktiniz","status":"publish","type":"post","link":"https:\/\/www.abchukuk.com\/index.php\/2026\/04\/30\/dilek-imamoglu-silivriden-seslendi-yandas-basin-durusmalara-neden-katilmayi-biraktiniz\/","title":{"rendered":"Dilek \u0130mamo\u011flu Silivri&#8217;den seslendi: &#8216;Yanda\u015f bas\u0131n duru\u015fmalara neden kat\u0131lmay\u0131 b\u0131rakt\u0131n\u0131z?&#8217;"},"content":{"rendered":"<p>Tutuklu cumhurba\u015fkan\u0131 aday\u0131 Ekrem \u0130mamo\u011flu&#8217;nun e\u015fi Dilek \u0130mamo\u011flu, Silivri&#8217;de yapt\u0131\u011f\u0131 konu\u015fmada, &#8220;Yanda\u015f bas\u0131n size sesleniyorum. Duru\u015fmalara neden kat\u0131lmay\u0131 b\u0131rakt\u0131n\u0131z? Bu hafta bir oturuma kat\u0131l\u0131p oturumun gidi\u015fat\u0131n\u0131 g\u00f6r\u00fcnce salondan erken ayr\u0131ld\u0131n\u0131z. \u00c7\u00fcnk\u00fc bir y\u0131l\u0131 a\u015fk\u0131n s\u00fcredir yaratmaya \u00e7al\u0131\u015ft\u0131klar\u0131 alg\u0131 art\u0131k tamamen \u00e7\u00f6km\u00fc\u015ft\u00fcr&#8221; dedi.Tutuklu cumhurba\u015fkan\u0131 aday\u0131 Ekrem \u0130mamo\u011flu&#8217;nun e\u015fi Dilek \u0130mamo\u011flu, Silivri&#8217;de yapt\u0131\u011f\u0131 konu\u015fmada, &#8220;Yanda\u015f bas\u0131n size sesleniyorum. Duru\u015fmalara neden kat\u0131lmay\u0131 b\u0131rakt\u0131n\u0131z? Bu hafta bir oturuma kat\u0131l\u0131p oturumun gidi\u015fat\u0131n\u0131 g\u00f6r\u00fcnce salondan erken ayr\u0131ld\u0131n\u0131z. \u00c7\u00fcnk\u00fc bir y\u0131l\u0131 a\u015fk\u0131n s\u00fcredir yaratmaya \u00e7al\u0131\u015ft\u0131klar\u0131 alg\u0131 art\u0131k tamamen \u00e7\u00f6km\u00fc\u015ft\u00fcr&#8221; dedi.\u00a0<a href=\"https:\/\/www.cumhuriyet.com.tr\/turkiye\/dilek-imamoglu-silivri-den-seslendi-yandas-basin-durusmalara-neden-katilmayi-biraktiniz-2499864\" target=\"_blank\" class=\"feedzy-rss-link-icon\">Read More<\/a><\/p>","protected":false},"excerpt":{"rendered":"<p>Tutuklu cumhurba\u015fkan\u0131 aday\u0131 Ekrem \u0130mamo\u011flu&#8217;nun e\u015fi Dilek \u0130mamo\u011flu, Silivri&#8217;de yapt\u0131\u011f\u0131 konu\u015fmada, &#8220;Yanda\u015f bas\u0131n size sesleniyorum. Duru\u015fmalara neden kat\u0131lmay\u0131 b\u0131rakt\u0131n\u0131z? Bu hafta bir oturuma kat\u0131l\u0131p oturumun gidi\u015fat\u0131n\u0131 g\u00f6r\u00fcnce salondan erken ayr\u0131ld\u0131n\u0131z. \u00c7\u00fcnk\u00fc bir y\u0131l\u0131 a\u015fk\u0131n s\u00fcredir yaratmaya \u00e7al\u0131\u015ft\u0131klar\u0131 alg\u0131 art\u0131k tamamen \u00e7\u00f6km\u00fc\u015ft\u00fcr&#8221; dedi.Tutuklu cumhurba\u015fkan\u0131 aday\u0131 Ekrem \u0130mamo\u011flu&#8217;nun e\u015fi Dilek \u0130mamo\u011flu, Silivri&#8217;de yapt\u0131\u011f\u0131 konu\u015fmada, &#8220;Yanda\u015f bas\u0131n size [&hellip;]<\/p>\n","protected":false},"author":1,"featured_media":27979,"comment_status":"open","ping_status":"open","sticky":false,"template":"","format":"standard","meta":{"footnotes":"","_links_to":"","_links_to_target":""},"categories":[1],"tags":[],"class_list":["post-27978","post","type-post","status-publish","format-standard","has-post-thumbnail","hentry","category-haberler"],"_links":{"self":[{"href":"https:\/\/www.abchukuk.com\/index.php\/wp-json\/wp\/v2\/posts\/27978","targetHints":{"allow":["GET"]}}],"collection":[{"href":"https:\/\/www.abchukuk.com\/index.php\/wp-json\/wp\/v2\/posts"}],"about":[{"href":"https:\/\/www.abchukuk.com\/index.php\/wp-json\/wp\/v2\/types\/post"}],"author":[{"embeddable":true,"href":"https:\/\/www.abchukuk.com\/index.php\/wp-json\/wp\/v2\/users\/1"}],"replies":[{"embeddable":true,"href":"https:\/\/www.abchukuk.com\/index.php\/wp-json\/wp\/v2\/comments?post=27978"}],"version-history":[{"count":0,"href":"https:\/\/www.abchukuk.com\/index.php\/wp-json\/wp\/v2\/posts\/27978\/revisions"}],"wp:featuredmedia":[{"embeddable":true,"href":"https:\/\/www.abchukuk.com\/index.php\/wp-json\/wp\/v2\/media\/27979"}],"wp:attachment":[{"href":"https:\/\/www.abchukuk.com\/index.php\/wp-json\/wp\/v2\/media?parent=27978"}],"wp:term":[{"taxonomy":"category","embeddable":true,"href":"https:\/\/www.abchukuk.com\/index.php\/wp-json\/wp\/v2\/categories?post=27978"},{"taxonomy":"post_tag","embeddable":true,"href":"https:\/\/www.abchukuk.com\/index.php\/wp-json\/wp\/v2\/tags?post=27978"}],"curies":[{"name":"wp","href":"https:\/\/api.w.org\/{rel}","templated":true}]}}