{"id":27973,"date":"2026-04-30T08:08:00","date_gmt":"2026-04-30T08:08:00","guid":{"rendered":"https:\/\/www.abchukuk.com\/index.php\/2026\/04\/30\/ales-sinav-yerleri-erisime-acildi-sinav-giris-belgesi-sorgulama-sayfasi\/"},"modified":"2026-04-30T08:08:00","modified_gmt":"2026-04-30T08:08:00","slug":"ales-sinav-yerleri-erisime-acildi-sinav-giris-belgesi-sorgulama-sayfasi","status":"publish","type":"post","link":"https:\/\/www.abchukuk.com\/index.php\/2026\/04\/30\/ales-sinav-yerleri-erisime-acildi-sinav-giris-belgesi-sorgulama-sayfasi\/","title":{"rendered":"ALES s\u0131nav yerleri eri\u015fime a\u00e7\u0131ld\u0131! S\u0131nav giri\u015f belgesi sorgulama sayfas\u0131"},"content":{"rendered":"<p>\u00d6SYM 2026-ALES\/1 s\u0131nav giri\u015f belgelerinin eri\u015fime a\u00e7\u0131ld\u0131\u011f\u0131n\u0131 duyurdu. S\u0131nav 1o May\u0131s&#8217;ta ger\u00e7ekle\u015fecek ve yo\u011fun \u015feklide adaylar s\u0131nav yerlerini \u00f6\u011frenmeye \u00e7al\u0131\u015f\u0131yor. \u0130\u015fte sorgulama sayfas\u0131&#8230;\u00d6SYM 2026-ALES\/1 s\u0131nav giri\u015f belgelerinin eri\u015fime a\u00e7\u0131ld\u0131\u011f\u0131n\u0131 duyurdu. S\u0131nav 1o May\u0131s&#8217;ta ger\u00e7ekle\u015fecek ve yo\u011fun \u015feklide adaylar s\u0131nav yerlerini \u00f6\u011frenmeye \u00e7al\u0131\u015f\u0131yor. \u0130\u015fte sorgulama sayfas\u0131&#8230;\u00a0<a href=\"https:\/\/www.dunya.com\/gundem\/ales-sinav-yerleri-erisime-acildi-sinav-giris-belgesi-sorgulama-sayfasi-haberi-823424\" target=\"_blank\" class=\"feedzy-rss-link-icon\">Read More<\/a><\/p>","protected":false},"excerpt":{"rendered":"<p>\u00d6SYM 2026-ALES\/1 s\u0131nav giri\u015f belgelerinin eri\u015fime a\u00e7\u0131ld\u0131\u011f\u0131n\u0131 duyurdu. S\u0131nav 1o May\u0131s&#8217;ta ger\u00e7ekle\u015fecek ve yo\u011fun \u015feklide adaylar s\u0131nav yerlerini \u00f6\u011frenmeye \u00e7al\u0131\u015f\u0131yor. \u0130\u015fte sorgulama sayfas\u0131&#8230;\u00d6SYM 2026-ALES\/1 s\u0131nav giri\u015f belgelerinin eri\u015fime a\u00e7\u0131ld\u0131\u011f\u0131n\u0131 duyurdu. S\u0131nav 1o May\u0131s&#8217;ta ger\u00e7ekle\u015fecek ve yo\u011fun \u015feklide adaylar s\u0131nav yerlerini \u00f6\u011frenmeye \u00e7al\u0131\u015f\u0131yor. \u0130\u015fte sorgulama sayfas\u0131&#8230;\u00a0Read More<\/p>\n","protected":false},"author":1,"featured_media":27974,"comment_status":"open","ping_status":"open","sticky":false,"template":"","format":"standard","meta":{"footnotes":"","_links_to":"","_links_to_target":""},"categories":[1],"tags":[],"class_list":["post-27973","post","type-post","status-publish","format-standard","has-post-thumbnail","hentry","category-haberler"],"_links":{"self":[{"href":"https:\/\/www.abchukuk.com\/index.php\/wp-json\/wp\/v2\/posts\/27973","targetHints":{"allow":["GET"]}}],"collection":[{"href":"https:\/\/www.abchukuk.com\/index.php\/wp-json\/wp\/v2\/posts"}],"about":[{"href":"https:\/\/www.abchukuk.com\/index.php\/wp-json\/wp\/v2\/types\/post"}],"author":[{"embeddable":true,"href":"https:\/\/www.abchukuk.com\/index.php\/wp-json\/wp\/v2\/users\/1"}],"replies":[{"embeddable":true,"href":"https:\/\/www.abchukuk.com\/index.php\/wp-json\/wp\/v2\/comments?post=27973"}],"version-history":[{"count":0,"href":"https:\/\/www.abchukuk.com\/index.php\/wp-json\/wp\/v2\/posts\/27973\/revisions"}],"wp:featuredmedia":[{"embeddable":true,"href":"https:\/\/www.abchukuk.com\/index.php\/wp-json\/wp\/v2\/media\/27974"}],"wp:attachment":[{"href":"https:\/\/www.abchukuk.com\/index.php\/wp-json\/wp\/v2\/media?parent=27973"}],"wp:term":[{"taxonomy":"category","embeddable":true,"href":"https:\/\/www.abchukuk.com\/index.php\/wp-json\/wp\/v2\/categories?post=27973"},{"taxonomy":"post_tag","embeddable":true,"href":"https:\/\/www.abchukuk.com\/index.php\/wp-json\/wp\/v2\/tags?post=27973"}],"curies":[{"name":"wp","href":"https:\/\/api.w.org\/{rel}","templated":true}]}}