{"id":27971,"date":"2026-04-30T08:11:00","date_gmt":"2026-04-30T08:11:00","guid":{"rendered":"https:\/\/www.abchukuk.com\/index.php\/2026\/04\/30\/aziz-ihsan-aktas-davasinda-ikinci-celse-devam-ediyor-ahmet-ozerin-avukati-savunma-yapiyor\/"},"modified":"2026-04-30T08:11:00","modified_gmt":"2026-04-30T08:11:00","slug":"aziz-ihsan-aktas-davasinda-ikinci-celse-devam-ediyor-ahmet-ozerin-avukati-savunma-yapiyor","status":"publish","type":"post","link":"https:\/\/www.abchukuk.com\/index.php\/2026\/04\/30\/aziz-ihsan-aktas-davasinda-ikinci-celse-devam-ediyor-ahmet-ozerin-avukati-savunma-yapiyor\/","title":{"rendered":"Aziz \u0130hsan Akta\u015f davas\u0131nda ikinci celse devam ediyor: Ahmet \u00d6zer&#8217;in avukat\u0131 savunma yap\u0131yor"},"content":{"rendered":"<p>Belediye ba\u015fkanlar\u0131na r\u00fc\u015fvet vererek ihale s\u00fcre\u00e7lerini organize etti\u011fi iddia edilen ve liderli\u011fini Aziz \u0130hsan Akta\u015f&#8217;\u0131n yapt\u0131\u011f\u0131 \u00f6ne s\u00fcr\u00fclen &#8216;Aziz \u0130hsan Akta\u015f su\u00e7 \u00f6rg\u00fct\u00fc&#8217; davas\u0131n\u0131n duru\u015fmas\u0131n\u0131n g\u00f6r\u00fclmesine devam ediliyor.Belediye ba\u015fkanlar\u0131na r\u00fc\u015fvet vererek ihale s\u00fcre\u00e7lerini organize etti\u011fi iddia edilen ve liderli\u011fini Aziz \u0130hsan Akta\u015f&#8217;\u0131n yapt\u0131\u011f\u0131 \u00f6ne s\u00fcr\u00fclen &#8216;Aziz \u0130hsan Akta\u015f su\u00e7 \u00f6rg\u00fct\u00fc&#8217; davas\u0131n\u0131n duru\u015fmas\u0131n\u0131n g\u00f6r\u00fclmesine devam ediliyor.\u00a0<a href=\"https:\/\/www.cumhuriyet.com.tr\/turkiye\/aziz-ihsan-aktas-davasinda-ikinci-celse-devam-ediyor-ahmet-ozer-in-avukati-savunma-yapiyor-2499783\" target=\"_blank\" class=\"feedzy-rss-link-icon\">Read More<\/a><\/p>","protected":false},"excerpt":{"rendered":"<p>Belediye ba\u015fkanlar\u0131na r\u00fc\u015fvet vererek ihale s\u00fcre\u00e7lerini organize etti\u011fi iddia edilen ve liderli\u011fini Aziz \u0130hsan Akta\u015f&#8217;\u0131n yapt\u0131\u011f\u0131 \u00f6ne s\u00fcr\u00fclen &#8216;Aziz \u0130hsan Akta\u015f su\u00e7 \u00f6rg\u00fct\u00fc&#8217; davas\u0131n\u0131n duru\u015fmas\u0131n\u0131n g\u00f6r\u00fclmesine devam ediliyor.Belediye ba\u015fkanlar\u0131na r\u00fc\u015fvet vererek ihale s\u00fcre\u00e7lerini organize etti\u011fi iddia edilen ve liderli\u011fini Aziz \u0130hsan Akta\u015f&#8217;\u0131n yapt\u0131\u011f\u0131 \u00f6ne s\u00fcr\u00fclen &#8216;Aziz \u0130hsan Akta\u015f su\u00e7 \u00f6rg\u00fct\u00fc&#8217; davas\u0131n\u0131n duru\u015fmas\u0131n\u0131n g\u00f6r\u00fclmesine devam ediliyor.\u00a0Read [&hellip;]<\/p>\n","protected":false},"author":1,"featured_media":27972,"comment_status":"open","ping_status":"open","sticky":false,"template":"","format":"standard","meta":{"footnotes":"","_links_to":"","_links_to_target":""},"categories":[1],"tags":[],"class_list":["post-27971","post","type-post","status-publish","format-standard","has-post-thumbnail","hentry","category-haberler"],"_links":{"self":[{"href":"https:\/\/www.abchukuk.com\/index.php\/wp-json\/wp\/v2\/posts\/27971","targetHints":{"allow":["GET"]}}],"collection":[{"href":"https:\/\/www.abchukuk.com\/index.php\/wp-json\/wp\/v2\/posts"}],"about":[{"href":"https:\/\/www.abchukuk.com\/index.php\/wp-json\/wp\/v2\/types\/post"}],"author":[{"embeddable":true,"href":"https:\/\/www.abchukuk.com\/index.php\/wp-json\/wp\/v2\/users\/1"}],"replies":[{"embeddable":true,"href":"https:\/\/www.abchukuk.com\/index.php\/wp-json\/wp\/v2\/comments?post=27971"}],"version-history":[{"count":0,"href":"https:\/\/www.abchukuk.com\/index.php\/wp-json\/wp\/v2\/posts\/27971\/revisions"}],"wp:featuredmedia":[{"embeddable":true,"href":"https:\/\/www.abchukuk.com\/index.php\/wp-json\/wp\/v2\/media\/27972"}],"wp:attachment":[{"href":"https:\/\/www.abchukuk.com\/index.php\/wp-json\/wp\/v2\/media?parent=27971"}],"wp:term":[{"taxonomy":"category","embeddable":true,"href":"https:\/\/www.abchukuk.com\/index.php\/wp-json\/wp\/v2\/categories?post=27971"},{"taxonomy":"post_tag","embeddable":true,"href":"https:\/\/www.abchukuk.com\/index.php\/wp-json\/wp\/v2\/tags?post=27971"}],"curies":[{"name":"wp","href":"https:\/\/api.w.org\/{rel}","templated":true}]}}