{"id":27958,"date":"2026-04-30T06:24:00","date_gmt":"2026-04-30T06:24:00","guid":{"rendered":"https:\/\/www.abchukuk.com\/index.php\/2026\/04\/30\/rabia-naz-vatan-dosyasinda-yeni-gelisme-saban-vatandan-savci-ve-polislere-suc-duyurusu\/"},"modified":"2026-04-30T06:24:00","modified_gmt":"2026-04-30T06:24:00","slug":"rabia-naz-vatan-dosyasinda-yeni-gelisme-saban-vatandan-savci-ve-polislere-suc-duyurusu","status":"publish","type":"post","link":"https:\/\/www.abchukuk.com\/index.php\/2026\/04\/30\/rabia-naz-vatan-dosyasinda-yeni-gelisme-saban-vatandan-savci-ve-polislere-suc-duyurusu\/","title":{"rendered":"Rabia Naz Vatan dosyas\u0131nda yeni geli\u015fme: \u015eaban Vatan&#8217;dan savc\u0131 ve polislere su\u00e7 duyurusu"},"content":{"rendered":"<p>Giresun\u2019da 2018\u2019de \u015f\u00fcpheli \u015fekilde hayat\u0131n\u0131 kaybeden 11 ya\u015f\u0131ndaki Rabia Naz Vatan\u2019\u0131n babas\u0131 \u015eaban Vatan, olay g\u00fcn\u00fc bulunmad\u0131\u011f\u0131n\u0131 belirtti\u011fi okul \u00e7antas\u0131n\u0131n saatler sonra ortaya \u00e7\u0131kt\u0131\u011f\u0131n\u0131 \u00f6ne s\u00fcrerek savc\u0131lar ve polisler hakk\u0131nda su\u00e7 duyurusunda bulundu.Giresun\u2019da 2018\u2019de \u015f\u00fcpheli \u015fekilde hayat\u0131n\u0131 kaybeden 11 ya\u015f\u0131ndaki Rabia Naz Vatan\u2019\u0131n babas\u0131 \u015eaban Vatan, olay g\u00fcn\u00fc bulunmad\u0131\u011f\u0131n\u0131 belirtti\u011fi okul \u00e7antas\u0131n\u0131n saatler sonra ortaya \u00e7\u0131kt\u0131\u011f\u0131n\u0131 \u00f6ne s\u00fcrerek savc\u0131lar ve polisler hakk\u0131nda su\u00e7 duyurusunda bulundu.\u00a0<a href=\"https:\/\/www.cumhuriyet.com.tr\/turkiye\/rabia-naz-vatan-dosyasinda-yeni-gelisme-saban-vatan-dan-savci-ve-polislere-suc-duyurusu-2499721\" target=\"_blank\" class=\"feedzy-rss-link-icon\">Read More<\/a><\/p>","protected":false},"excerpt":{"rendered":"<p>Giresun\u2019da 2018\u2019de \u015f\u00fcpheli \u015fekilde hayat\u0131n\u0131 kaybeden 11 ya\u015f\u0131ndaki Rabia Naz Vatan\u2019\u0131n babas\u0131 \u015eaban Vatan, olay g\u00fcn\u00fc bulunmad\u0131\u011f\u0131n\u0131 belirtti\u011fi okul \u00e7antas\u0131n\u0131n saatler sonra ortaya \u00e7\u0131kt\u0131\u011f\u0131n\u0131 \u00f6ne s\u00fcrerek savc\u0131lar ve polisler hakk\u0131nda su\u00e7 duyurusunda bulundu.Giresun\u2019da 2018\u2019de \u015f\u00fcpheli \u015fekilde hayat\u0131n\u0131 kaybeden 11 ya\u015f\u0131ndaki Rabia Naz Vatan\u2019\u0131n babas\u0131 \u015eaban Vatan, olay g\u00fcn\u00fc bulunmad\u0131\u011f\u0131n\u0131 belirtti\u011fi okul \u00e7antas\u0131n\u0131n saatler sonra ortaya [&hellip;]<\/p>\n","protected":false},"author":1,"featured_media":27959,"comment_status":"open","ping_status":"open","sticky":false,"template":"","format":"standard","meta":{"footnotes":"","_links_to":"","_links_to_target":""},"categories":[1],"tags":[],"class_list":["post-27958","post","type-post","status-publish","format-standard","has-post-thumbnail","hentry","category-haberler"],"_links":{"self":[{"href":"https:\/\/www.abchukuk.com\/index.php\/wp-json\/wp\/v2\/posts\/27958","targetHints":{"allow":["GET"]}}],"collection":[{"href":"https:\/\/www.abchukuk.com\/index.php\/wp-json\/wp\/v2\/posts"}],"about":[{"href":"https:\/\/www.abchukuk.com\/index.php\/wp-json\/wp\/v2\/types\/post"}],"author":[{"embeddable":true,"href":"https:\/\/www.abchukuk.com\/index.php\/wp-json\/wp\/v2\/users\/1"}],"replies":[{"embeddable":true,"href":"https:\/\/www.abchukuk.com\/index.php\/wp-json\/wp\/v2\/comments?post=27958"}],"version-history":[{"count":0,"href":"https:\/\/www.abchukuk.com\/index.php\/wp-json\/wp\/v2\/posts\/27958\/revisions"}],"wp:featuredmedia":[{"embeddable":true,"href":"https:\/\/www.abchukuk.com\/index.php\/wp-json\/wp\/v2\/media\/27959"}],"wp:attachment":[{"href":"https:\/\/www.abchukuk.com\/index.php\/wp-json\/wp\/v2\/media?parent=27958"}],"wp:term":[{"taxonomy":"category","embeddable":true,"href":"https:\/\/www.abchukuk.com\/index.php\/wp-json\/wp\/v2\/categories?post=27958"},{"taxonomy":"post_tag","embeddable":true,"href":"https:\/\/www.abchukuk.com\/index.php\/wp-json\/wp\/v2\/tags?post=27958"}],"curies":[{"name":"wp","href":"https:\/\/api.w.org\/{rel}","templated":true}]}}