{"id":27956,"date":"2026-04-30T06:40:03","date_gmt":"2026-04-30T06:40:03","guid":{"rendered":"https:\/\/www.abchukuk.com\/index.php\/2026\/04\/30\/karar-resmi-gazetede-taliban-baglantili-17-kisiye-guncelleme\/"},"modified":"2026-04-30T06:40:03","modified_gmt":"2026-04-30T06:40:03","slug":"karar-resmi-gazetede-taliban-baglantili-17-kisiye-guncelleme","status":"publish","type":"post","link":"https:\/\/www.abchukuk.com\/index.php\/2026\/04\/30\/karar-resmi-gazetede-taliban-baglantili-17-kisiye-guncelleme\/","title":{"rendered":"Karar Resmi Gazete&#8217;de: Taliban Ba\u011flant\u0131l\u0131 17 Ki\u015fiye G\u00fcncelleme"},"content":{"rendered":"<p><a href=\"https:\/\/www.gercekgundem.com\/guncel\/karar-resmi-gazetede-taliban-baglantili-17-kisiye-guncelleme-570638\"><br \/>\n                                                            <img decoding=\"async\" src=\"https:\/\/i.gercekgundem.com\/2\/150\/84\/storage\/files\/images\/2026\/04\/30\/karar-resmi-gazetede-taliban-baglantili-17-kisiye-guncelleme-vkxd.jpg\" width=\"150\" height=\"84\" border=\"0\" align=\"right\" \/><br \/>\n                                                    <\/a><\/p>\n<h4>T\u00fcrkiye, Birle\u015fmi\u015f Milletler G\u00fcvenlik Konseyi\u2019nin ter\u00f6rle m\u00fccadele kararlar\u0131 kapsam\u0131nda uluslararas\u0131 listeleri g\u00fcncelledi. Cumhurba\u015fkan\u0131 Erdo\u011fan\u2019\u0131n imzas\u0131yla Resmi Gazete\u2019de yay\u0131mlanan karara g\u00f6re, &#8216;Taliban ile Ba\u011flant\u0131l\u0131 Ger\u00e7ek Ki\u015filer&#8217; listesinde yer alan 17 ismin kimlik ve stat\u00fc bilgileri revize edildi.<\/h4>\n<p>T\u00fcrkiye, Birle\u015fmi\u015f Milletler G\u00fcvenlik Konseyi\u2019nin ter\u00f6rle m\u00fccadele kararlar\u0131 kapsam\u0131nda uluslararas\u0131 listeleri g\u00fcncelledi. Cumhurba\u015fkan\u0131 Erdo\u011fan\u2019\u0131n imzas\u0131yla Resmi Gazete\u2019de yay\u0131mlanan karara g\u00f6re, &#8216;Taliban ile Ba\u011flant\u0131l\u0131 Ger\u00e7ek Ki\u015filer&#8217; listesinde yer alan 17 ismin kimlik ve stat\u00fc bilgileri revize edildi.\u00a0<a href=\"https:\/\/www.gercekgundem.com\/guncel\/karar-resmi-gazetede-taliban-baglantili-17-kisiye-guncelleme-570638\" target=\"_blank\" class=\"feedzy-rss-link-icon\">Read More<\/a><\/p>","protected":false},"excerpt":{"rendered":"<p>T\u00fcrkiye, Birle\u015fmi\u015f Milletler G\u00fcvenlik Konseyi\u2019nin ter\u00f6rle m\u00fccadele kararlar\u0131 kapsam\u0131nda uluslararas\u0131 listeleri g\u00fcncelledi. Cumhurba\u015fkan\u0131 Erdo\u011fan\u2019\u0131n imzas\u0131yla Resmi Gazete\u2019de yay\u0131mlanan karara g\u00f6re, &#8216;Taliban ile Ba\u011flant\u0131l\u0131 Ger\u00e7ek Ki\u015filer&#8217; listesinde yer alan 17 ismin kimlik ve stat\u00fc bilgileri revize edildi. T\u00fcrkiye, Birle\u015fmi\u015f Milletler G\u00fcvenlik Konseyi\u2019nin ter\u00f6rle m\u00fccadele kararlar\u0131 kapsam\u0131nda uluslararas\u0131 listeleri g\u00fcncelledi. Cumhurba\u015fkan\u0131 Erdo\u011fan\u2019\u0131n imzas\u0131yla Resmi Gazete\u2019de yay\u0131mlanan karara [&hellip;]<\/p>\n","protected":false},"author":1,"featured_media":27957,"comment_status":"open","ping_status":"open","sticky":false,"template":"","format":"standard","meta":{"footnotes":"","_links_to":"","_links_to_target":""},"categories":[1],"tags":[],"class_list":["post-27956","post","type-post","status-publish","format-standard","has-post-thumbnail","hentry","category-haberler"],"_links":{"self":[{"href":"https:\/\/www.abchukuk.com\/index.php\/wp-json\/wp\/v2\/posts\/27956","targetHints":{"allow":["GET"]}}],"collection":[{"href":"https:\/\/www.abchukuk.com\/index.php\/wp-json\/wp\/v2\/posts"}],"about":[{"href":"https:\/\/www.abchukuk.com\/index.php\/wp-json\/wp\/v2\/types\/post"}],"author":[{"embeddable":true,"href":"https:\/\/www.abchukuk.com\/index.php\/wp-json\/wp\/v2\/users\/1"}],"replies":[{"embeddable":true,"href":"https:\/\/www.abchukuk.com\/index.php\/wp-json\/wp\/v2\/comments?post=27956"}],"version-history":[{"count":0,"href":"https:\/\/www.abchukuk.com\/index.php\/wp-json\/wp\/v2\/posts\/27956\/revisions"}],"wp:featuredmedia":[{"embeddable":true,"href":"https:\/\/www.abchukuk.com\/index.php\/wp-json\/wp\/v2\/media\/27957"}],"wp:attachment":[{"href":"https:\/\/www.abchukuk.com\/index.php\/wp-json\/wp\/v2\/media?parent=27956"}],"wp:term":[{"taxonomy":"category","embeddable":true,"href":"https:\/\/www.abchukuk.com\/index.php\/wp-json\/wp\/v2\/categories?post=27956"},{"taxonomy":"post_tag","embeddable":true,"href":"https:\/\/www.abchukuk.com\/index.php\/wp-json\/wp\/v2\/tags?post=27956"}],"curies":[{"name":"wp","href":"https:\/\/api.w.org\/{rel}","templated":true}]}}