{"id":27954,"date":"2026-04-30T06:42:00","date_gmt":"2026-04-30T06:42:00","guid":{"rendered":"https:\/\/www.abchukuk.com\/index.php\/2026\/04\/30\/zuhal-bocek-gozaltina-alindi\/"},"modified":"2026-04-30T06:42:00","modified_gmt":"2026-04-30T06:42:00","slug":"zuhal-bocek-gozaltina-alindi","status":"publish","type":"post","link":"https:\/\/www.abchukuk.com\/index.php\/2026\/04\/30\/zuhal-bocek-gozaltina-alindi\/","title":{"rendered":"Zuhal B\u00f6cek g\u00f6zalt\u0131na al\u0131nd\u0131"},"content":{"rendered":"<p>\u0130stanbul B\u00fcy\u00fck\u015fehir Belediyesine (\u0130BB) y\u00f6nelik yolsuzluk soru\u015fturmas\u0131 kapsam\u0131nda, haklar\u0131nda g\u00f6zalt\u0131 karar\u0131 verilen Antalya B\u00fcy\u00fck\u015fehir Belediye Ba\u015fkanl\u0131\u011f\u0131 g\u00f6revinden uzakla\u015ft\u0131r\u0131lan Muhittin B\u00f6cek&#8217;in gelini Zuhal B\u00f6cek&#8217;in de aralar\u0131nda oldu\u011fu 2 \u015f\u00fcpheli g\u00f6zalt\u0131na al\u0131nd\u0131.\u0130stanbul B\u00fcy\u00fck\u015fehir Belediyesine (\u0130BB) y\u00f6nelik yolsuzluk soru\u015fturmas\u0131 kapsam\u0131nda, haklar\u0131nda g\u00f6zalt\u0131 karar\u0131 verilen Antalya B\u00fcy\u00fck\u015fehir Belediye Ba\u015fkanl\u0131\u011f\u0131 g\u00f6revinden uzakla\u015ft\u0131r\u0131lan Muhittin B\u00f6cek&#8217;in gelini Zuhal B\u00f6cek&#8217;in de aralar\u0131nda oldu\u011fu 2 \u015f\u00fcpheli g\u00f6zalt\u0131na al\u0131nd\u0131.\u00a0<a href=\"https:\/\/www.dunya.com\/gundem\/zuhal-bocek-gozaltina-alindi-haberi-823408\" target=\"_blank\" class=\"feedzy-rss-link-icon\">Read More<\/a><\/p>","protected":false},"excerpt":{"rendered":"<p>\u0130stanbul B\u00fcy\u00fck\u015fehir Belediyesine (\u0130BB) y\u00f6nelik yolsuzluk soru\u015fturmas\u0131 kapsam\u0131nda, haklar\u0131nda g\u00f6zalt\u0131 karar\u0131 verilen Antalya B\u00fcy\u00fck\u015fehir Belediye Ba\u015fkanl\u0131\u011f\u0131 g\u00f6revinden uzakla\u015ft\u0131r\u0131lan Muhittin B\u00f6cek&#8217;in gelini Zuhal B\u00f6cek&#8217;in de aralar\u0131nda oldu\u011fu 2 \u015f\u00fcpheli g\u00f6zalt\u0131na al\u0131nd\u0131.\u0130stanbul B\u00fcy\u00fck\u015fehir Belediyesine (\u0130BB) y\u00f6nelik yolsuzluk soru\u015fturmas\u0131 kapsam\u0131nda, haklar\u0131nda g\u00f6zalt\u0131 karar\u0131 verilen Antalya B\u00fcy\u00fck\u015fehir Belediye Ba\u015fkanl\u0131\u011f\u0131 g\u00f6revinden uzakla\u015ft\u0131r\u0131lan Muhittin B\u00f6cek&#8217;in gelini Zuhal B\u00f6cek&#8217;in de aralar\u0131nda oldu\u011fu [&hellip;]<\/p>\n","protected":false},"author":1,"featured_media":27955,"comment_status":"open","ping_status":"open","sticky":false,"template":"","format":"standard","meta":{"footnotes":"","_links_to":"","_links_to_target":""},"categories":[1],"tags":[],"class_list":["post-27954","post","type-post","status-publish","format-standard","has-post-thumbnail","hentry","category-haberler"],"_links":{"self":[{"href":"https:\/\/www.abchukuk.com\/index.php\/wp-json\/wp\/v2\/posts\/27954","targetHints":{"allow":["GET"]}}],"collection":[{"href":"https:\/\/www.abchukuk.com\/index.php\/wp-json\/wp\/v2\/posts"}],"about":[{"href":"https:\/\/www.abchukuk.com\/index.php\/wp-json\/wp\/v2\/types\/post"}],"author":[{"embeddable":true,"href":"https:\/\/www.abchukuk.com\/index.php\/wp-json\/wp\/v2\/users\/1"}],"replies":[{"embeddable":true,"href":"https:\/\/www.abchukuk.com\/index.php\/wp-json\/wp\/v2\/comments?post=27954"}],"version-history":[{"count":0,"href":"https:\/\/www.abchukuk.com\/index.php\/wp-json\/wp\/v2\/posts\/27954\/revisions"}],"wp:featuredmedia":[{"embeddable":true,"href":"https:\/\/www.abchukuk.com\/index.php\/wp-json\/wp\/v2\/media\/27955"}],"wp:attachment":[{"href":"https:\/\/www.abchukuk.com\/index.php\/wp-json\/wp\/v2\/media?parent=27954"}],"wp:term":[{"taxonomy":"category","embeddable":true,"href":"https:\/\/www.abchukuk.com\/index.php\/wp-json\/wp\/v2\/categories?post=27954"},{"taxonomy":"post_tag","embeddable":true,"href":"https:\/\/www.abchukuk.com\/index.php\/wp-json\/wp\/v2\/tags?post=27954"}],"curies":[{"name":"wp","href":"https:\/\/api.w.org\/{rel}","templated":true}]}}