{"id":27952,"date":"2026-04-30T06:43:00","date_gmt":"2026-04-30T06:43:00","guid":{"rendered":"https:\/\/www.abchukuk.com\/index.php\/2026\/04\/30\/20-yildir-kayip-hamdi-karakus-dosyasi-10-supheli-adliyeye-sevk-edildi\/"},"modified":"2026-04-30T06:43:00","modified_gmt":"2026-04-30T06:43:00","slug":"20-yildir-kayip-hamdi-karakus-dosyasi-10-supheli-adliyeye-sevk-edildi","status":"publish","type":"post","link":"https:\/\/www.abchukuk.com\/index.php\/2026\/04\/30\/20-yildir-kayip-hamdi-karakus-dosyasi-10-supheli-adliyeye-sevk-edildi\/","title":{"rendered":"20 y\u0131ld\u0131r kay\u0131p Hamdi Karaku\u015f dosyas\u0131: 10 \u015f\u00fcpheli adliyeye sevk edildi"},"content":{"rendered":"<p>Eski\u015fehir&#8217;de 42 ya\u015f\u0131ndayken kaybolan ve 20 y\u0131ld\u0131r kendisinden haber al\u0131namayan \u015fahs\u0131n bir t\u00fcfek dip\u00e7i\u011findeki DNA&#8217;dan izinin bulunmas\u0131 sonras\u0131 g\u00f6zalt\u0131na al\u0131nan 12 \u015f\u00fcpheliden 10&#8217;u adliyeye sevk edildi.Eski\u015fehir&#8217;de 42 ya\u015f\u0131ndayken kaybolan ve 20 y\u0131ld\u0131r kendisinden haber al\u0131namayan \u015fahs\u0131n bir t\u00fcfek dip\u00e7i\u011findeki DNA&#8217;dan izinin bulunmas\u0131 sonras\u0131 g\u00f6zalt\u0131na al\u0131nan 12 \u015f\u00fcpheliden 10&#8217;u adliyeye sevk edildi.\u00a0<a href=\"https:\/\/www.cumhuriyet.com.tr\/turkiye\/20-yildir-kayip-hamdi-karakus-dosyasi-10-supheli-adliyeye-sevk-edildi-2499732\" target=\"_blank\" class=\"feedzy-rss-link-icon\">Read More<\/a><\/p>","protected":false},"excerpt":{"rendered":"<p>Eski\u015fehir&#8217;de 42 ya\u015f\u0131ndayken kaybolan ve 20 y\u0131ld\u0131r kendisinden haber al\u0131namayan \u015fahs\u0131n bir t\u00fcfek dip\u00e7i\u011findeki DNA&#8217;dan izinin bulunmas\u0131 sonras\u0131 g\u00f6zalt\u0131na al\u0131nan 12 \u015f\u00fcpheliden 10&#8217;u adliyeye sevk edildi.Eski\u015fehir&#8217;de 42 ya\u015f\u0131ndayken kaybolan ve 20 y\u0131ld\u0131r kendisinden haber al\u0131namayan \u015fahs\u0131n bir t\u00fcfek dip\u00e7i\u011findeki DNA&#8217;dan izinin bulunmas\u0131 sonras\u0131 g\u00f6zalt\u0131na al\u0131nan 12 \u015f\u00fcpheliden 10&#8217;u adliyeye sevk edildi.\u00a0Read More<\/p>\n","protected":false},"author":1,"featured_media":27953,"comment_status":"open","ping_status":"open","sticky":false,"template":"","format":"standard","meta":{"footnotes":"","_links_to":"","_links_to_target":""},"categories":[1],"tags":[],"class_list":["post-27952","post","type-post","status-publish","format-standard","has-post-thumbnail","hentry","category-haberler"],"_links":{"self":[{"href":"https:\/\/www.abchukuk.com\/index.php\/wp-json\/wp\/v2\/posts\/27952","targetHints":{"allow":["GET"]}}],"collection":[{"href":"https:\/\/www.abchukuk.com\/index.php\/wp-json\/wp\/v2\/posts"}],"about":[{"href":"https:\/\/www.abchukuk.com\/index.php\/wp-json\/wp\/v2\/types\/post"}],"author":[{"embeddable":true,"href":"https:\/\/www.abchukuk.com\/index.php\/wp-json\/wp\/v2\/users\/1"}],"replies":[{"embeddable":true,"href":"https:\/\/www.abchukuk.com\/index.php\/wp-json\/wp\/v2\/comments?post=27952"}],"version-history":[{"count":0,"href":"https:\/\/www.abchukuk.com\/index.php\/wp-json\/wp\/v2\/posts\/27952\/revisions"}],"wp:featuredmedia":[{"embeddable":true,"href":"https:\/\/www.abchukuk.com\/index.php\/wp-json\/wp\/v2\/media\/27953"}],"wp:attachment":[{"href":"https:\/\/www.abchukuk.com\/index.php\/wp-json\/wp\/v2\/media?parent=27952"}],"wp:term":[{"taxonomy":"category","embeddable":true,"href":"https:\/\/www.abchukuk.com\/index.php\/wp-json\/wp\/v2\/categories?post=27952"},{"taxonomy":"post_tag","embeddable":true,"href":"https:\/\/www.abchukuk.com\/index.php\/wp-json\/wp\/v2\/tags?post=27952"}],"curies":[{"name":"wp","href":"https:\/\/api.w.org\/{rel}","templated":true}]}}