{"id":27950,"date":"2026-04-30T06:47:00","date_gmt":"2026-04-30T06:47:00","guid":{"rendered":"https:\/\/www.abchukuk.com\/index.php\/2026\/04\/30\/tutuklu-gazeteci-ismail-ariya-bir-dava-daha\/"},"modified":"2026-04-30T06:47:00","modified_gmt":"2026-04-30T06:47:00","slug":"tutuklu-gazeteci-ismail-ariya-bir-dava-daha","status":"publish","type":"post","link":"https:\/\/www.abchukuk.com\/index.php\/2026\/04\/30\/tutuklu-gazeteci-ismail-ariya-bir-dava-daha\/","title":{"rendered":"Tutuklu gazeteci \u0130smail Ar\u0131&#8217;ya bir dava daha"},"content":{"rendered":"<p>&#8220;Halk\u0131 yan\u0131lt\u0131c\u0131 bilgiyi alenen yayma&#8221; su\u00e7lamas\u0131yla 39 g\u00fcnd\u00fcr Sincan Cezaevi&#8217;nde tutuklu bulunan gazeteci \u0130smail Ar\u0131&#8217;ya bir dava daha a\u00e7\u0131ld\u0131. Ar\u0131, &#8220;Cezaevindeyken yeni bir davam oldu&#8221; dedi.&#8221;Halk\u0131 yan\u0131lt\u0131c\u0131 bilgiyi alenen yayma&#8221; su\u00e7lamas\u0131yla 39 g\u00fcnd\u00fcr Sincan Cezaevi&#8217;nde tutuklu bulunan gazeteci \u0130smail Ar\u0131&#8217;ya bir dava daha a\u00e7\u0131ld\u0131. Ar\u0131, &#8220;Cezaevindeyken yeni bir davam oldu&#8221; dedi.\u00a0<a href=\"https:\/\/www.cumhuriyet.com.tr\/turkiye\/tutuklu-gazeteci-ismail-ari-ya-bir-dava-daha-2499735\" target=\"_blank\" class=\"feedzy-rss-link-icon\">Read More<\/a><\/p>","protected":false},"excerpt":{"rendered":"<p>&#8220;Halk\u0131 yan\u0131lt\u0131c\u0131 bilgiyi alenen yayma&#8221; su\u00e7lamas\u0131yla 39 g\u00fcnd\u00fcr Sincan Cezaevi&#8217;nde tutuklu bulunan gazeteci \u0130smail Ar\u0131&#8217;ya bir dava daha a\u00e7\u0131ld\u0131. Ar\u0131, &#8220;Cezaevindeyken yeni bir davam oldu&#8221; dedi.&#8221;Halk\u0131 yan\u0131lt\u0131c\u0131 bilgiyi alenen yayma&#8221; su\u00e7lamas\u0131yla 39 g\u00fcnd\u00fcr Sincan Cezaevi&#8217;nde tutuklu bulunan gazeteci \u0130smail Ar\u0131&#8217;ya bir dava daha a\u00e7\u0131ld\u0131. Ar\u0131, &#8220;Cezaevindeyken yeni bir davam oldu&#8221; dedi.\u00a0Read More<\/p>\n","protected":false},"author":1,"featured_media":27951,"comment_status":"open","ping_status":"open","sticky":false,"template":"","format":"standard","meta":{"footnotes":"","_links_to":"","_links_to_target":""},"categories":[1],"tags":[],"class_list":["post-27950","post","type-post","status-publish","format-standard","has-post-thumbnail","hentry","category-haberler"],"_links":{"self":[{"href":"https:\/\/www.abchukuk.com\/index.php\/wp-json\/wp\/v2\/posts\/27950","targetHints":{"allow":["GET"]}}],"collection":[{"href":"https:\/\/www.abchukuk.com\/index.php\/wp-json\/wp\/v2\/posts"}],"about":[{"href":"https:\/\/www.abchukuk.com\/index.php\/wp-json\/wp\/v2\/types\/post"}],"author":[{"embeddable":true,"href":"https:\/\/www.abchukuk.com\/index.php\/wp-json\/wp\/v2\/users\/1"}],"replies":[{"embeddable":true,"href":"https:\/\/www.abchukuk.com\/index.php\/wp-json\/wp\/v2\/comments?post=27950"}],"version-history":[{"count":0,"href":"https:\/\/www.abchukuk.com\/index.php\/wp-json\/wp\/v2\/posts\/27950\/revisions"}],"wp:featuredmedia":[{"embeddable":true,"href":"https:\/\/www.abchukuk.com\/index.php\/wp-json\/wp\/v2\/media\/27951"}],"wp:attachment":[{"href":"https:\/\/www.abchukuk.com\/index.php\/wp-json\/wp\/v2\/media?parent=27950"}],"wp:term":[{"taxonomy":"category","embeddable":true,"href":"https:\/\/www.abchukuk.com\/index.php\/wp-json\/wp\/v2\/categories?post=27950"},{"taxonomy":"post_tag","embeddable":true,"href":"https:\/\/www.abchukuk.com\/index.php\/wp-json\/wp\/v2\/tags?post=27950"}],"curies":[{"name":"wp","href":"https:\/\/api.w.org\/{rel}","templated":true}]}}