{"id":27948,"date":"2026-04-30T06:47:00","date_gmt":"2026-04-30T06:47:00","guid":{"rendered":"https:\/\/www.abchukuk.com\/index.php\/2026\/04\/30\/depremde-yikilan-mcg-tower-davasi-magdur-avukati-eren-can-saniklar-neticeyi-ongorduler-ama-kayitsiz-kaldilar\/"},"modified":"2026-04-30T06:47:00","modified_gmt":"2026-04-30T06:47:00","slug":"depremde-yikilan-mcg-tower-davasi-magdur-avukati-eren-can-saniklar-neticeyi-ongorduler-ama-kayitsiz-kaldilar","status":"publish","type":"post","link":"https:\/\/www.abchukuk.com\/index.php\/2026\/04\/30\/depremde-yikilan-mcg-tower-davasi-magdur-avukati-eren-can-saniklar-neticeyi-ongorduler-ama-kayitsiz-kaldilar\/","title":{"rendered":"Depremde y\u0131k\u0131lan MCG Tower davas\u0131&#8230; Ma\u011fdur avukat\u0131 Eren Can: &#8216;San\u0131klar neticeyi \u00f6ng\u00f6rd\u00fcler ama kay\u0131ts\u0131z kald\u0131lar&#8217;"},"content":{"rendered":"<p>Hatay&#8217;da 6 \u015eubat depremlerinde y\u0131k\u0131lan ve 14 ki\u015finin \u00f6l\u00fcm\u00fcne neden olan MCG Tower davas\u0131nda m\u00fcteahhit Muhammet Co\u015fkun G\u00f6kkan, sorumlulu\u011fu s\u00f6zle\u015fme yapt\u0131\u011f\u0131 ta\u015feronlara y\u00fcklerken, mahkeme kusur da\u011f\u0131l\u0131m\u0131n\u0131 netle\u015ftirmek i\u00e7in s\u00f6zle\u015fmelerin incelenmesine karar verdi. M\u00fc\u015fteki avukat\u0131 Eren Can, &#8220;San\u0131klar mesleki bilgileri ve tecr\u00fcbeleri gere\u011fi neticeyi \u00f6ng\u00f6rm\u00fc\u015fler ancak neticeye kay\u0131ts\u0131z kalm\u0131\u015flard\u0131r. &#8216;Olas\u0131 kast&#8217;tan ek savunma al\u0131nmas\u0131n\u0131 talep ediyoruz&#8221; dedi.Hatay&#8217;da 6 \u015eubat depremlerinde y\u0131k\u0131lan ve 14 ki\u015finin \u00f6l\u00fcm\u00fcne neden olan MCG Tower davas\u0131nda m\u00fcteahhit Muhammet Co\u015fkun G\u00f6kkan, sorumlulu\u011fu s\u00f6zle\u015fme yapt\u0131\u011f\u0131 ta\u015feronlara y\u00fcklerken, mahkeme kusur da\u011f\u0131l\u0131m\u0131n\u0131 netle\u015ftirmek i\u00e7in s\u00f6zle\u015fmelerin incelenmesine karar verdi. M\u00fc\u015fteki avukat\u0131 Eren Can, &#8220;San\u0131klar mesleki bilgileri ve tecr\u00fcbeleri gere\u011fi neticeyi \u00f6ng\u00f6rm\u00fc\u015fler ancak neticeye kay\u0131ts\u0131z kalm\u0131\u015flard\u0131r. &#8216;Olas\u0131 kast&#8217;tan ek savunma al\u0131nmas\u0131n\u0131 talep ediyoruz&#8221; dedi.\u00a0<a href=\"https:\/\/www.cumhuriyet.com.tr\/turkiye\/depremde-yikilan-mcg-tower-davasi-magdur-avukati-eren-can-saniklar-neticeyi-ongorduler-ama-kayitsiz-kaldilar-2499734\" target=\"_blank\" class=\"feedzy-rss-link-icon\">Read More<\/a><\/p>","protected":false},"excerpt":{"rendered":"<p>Hatay&#8217;da 6 \u015eubat depremlerinde y\u0131k\u0131lan ve 14 ki\u015finin \u00f6l\u00fcm\u00fcne neden olan MCG Tower davas\u0131nda m\u00fcteahhit Muhammet Co\u015fkun G\u00f6kkan, sorumlulu\u011fu s\u00f6zle\u015fme yapt\u0131\u011f\u0131 ta\u015feronlara y\u00fcklerken, mahkeme kusur da\u011f\u0131l\u0131m\u0131n\u0131 netle\u015ftirmek i\u00e7in s\u00f6zle\u015fmelerin incelenmesine karar verdi. M\u00fc\u015fteki avukat\u0131 Eren Can, &#8220;San\u0131klar mesleki bilgileri ve tecr\u00fcbeleri gere\u011fi neticeyi \u00f6ng\u00f6rm\u00fc\u015fler ancak neticeye kay\u0131ts\u0131z kalm\u0131\u015flard\u0131r. &#8216;Olas\u0131 kast&#8217;tan ek savunma al\u0131nmas\u0131n\u0131 talep ediyoruz&#8221; [&hellip;]<\/p>\n","protected":false},"author":1,"featured_media":27949,"comment_status":"open","ping_status":"open","sticky":false,"template":"","format":"standard","meta":{"footnotes":"","_links_to":"","_links_to_target":""},"categories":[1],"tags":[],"class_list":["post-27948","post","type-post","status-publish","format-standard","has-post-thumbnail","hentry","category-haberler"],"_links":{"self":[{"href":"https:\/\/www.abchukuk.com\/index.php\/wp-json\/wp\/v2\/posts\/27948","targetHints":{"allow":["GET"]}}],"collection":[{"href":"https:\/\/www.abchukuk.com\/index.php\/wp-json\/wp\/v2\/posts"}],"about":[{"href":"https:\/\/www.abchukuk.com\/index.php\/wp-json\/wp\/v2\/types\/post"}],"author":[{"embeddable":true,"href":"https:\/\/www.abchukuk.com\/index.php\/wp-json\/wp\/v2\/users\/1"}],"replies":[{"embeddable":true,"href":"https:\/\/www.abchukuk.com\/index.php\/wp-json\/wp\/v2\/comments?post=27948"}],"version-history":[{"count":0,"href":"https:\/\/www.abchukuk.com\/index.php\/wp-json\/wp\/v2\/posts\/27948\/revisions"}],"wp:featuredmedia":[{"embeddable":true,"href":"https:\/\/www.abchukuk.com\/index.php\/wp-json\/wp\/v2\/media\/27949"}],"wp:attachment":[{"href":"https:\/\/www.abchukuk.com\/index.php\/wp-json\/wp\/v2\/media?parent=27948"}],"wp:term":[{"taxonomy":"category","embeddable":true,"href":"https:\/\/www.abchukuk.com\/index.php\/wp-json\/wp\/v2\/categories?post=27948"},{"taxonomy":"post_tag","embeddable":true,"href":"https:\/\/www.abchukuk.com\/index.php\/wp-json\/wp\/v2\/tags?post=27948"}],"curies":[{"name":"wp","href":"https:\/\/api.w.org\/{rel}","templated":true}]}}