{"id":27936,"date":"2026-04-30T07:35:00","date_gmt":"2026-04-30T07:35:00","guid":{"rendered":"https:\/\/www.abchukuk.com\/index.php\/2026\/04\/30\/resmi-gazetede-yayimlandi-2-gun-toplu-tasima-ucretsiz-olacak\/"},"modified":"2026-04-30T07:35:00","modified_gmt":"2026-04-30T07:35:00","slug":"resmi-gazetede-yayimlandi-2-gun-toplu-tasima-ucretsiz-olacak","status":"publish","type":"post","link":"https:\/\/www.abchukuk.com\/index.php\/2026\/04\/30\/resmi-gazetede-yayimlandi-2-gun-toplu-tasima-ucretsiz-olacak\/","title":{"rendered":"Resmi Gazete&#8217;de yay\u0131mland\u0131! 2 g\u00fcn toplu ta\u015f\u0131ma \u00fccretsiz olacak"},"content":{"rendered":"<p>Resmi Gazete&#8217;de yay\u0131mlanan Cumhurba\u015fkan\u0131 Karar\u0131 ile 1 May\u0131s ve 19 May\u0131s resmi tatillerinde Marmaray, Ba\u015fkentray ve \u0130ZBAN dahil olmak \u00fczere bir\u00e7ok rayl\u0131 sistem hatt\u0131 \u00fccretsiz olacak. Karar, \u0130stanbul, Ankara ve \u0130zmir\u2019deki stratejik ula\u015f\u0131m a\u011flar\u0131n\u0131 kaps\u0131yor.Resmi Gazete&#8217;de yay\u0131mlanan Cumhurba\u015fkan\u0131 Karar\u0131 ile 1 May\u0131s ve 19 May\u0131s resmi tatillerinde Marmaray, Ba\u015fkentray ve \u0130ZBAN dahil olmak \u00fczere bir\u00e7ok rayl\u0131 sistem hatt\u0131 \u00fccretsiz olacak. Karar, \u0130stanbul, Ankara ve \u0130zmir\u2019deki stratejik ula\u015f\u0131m a\u011flar\u0131n\u0131 kaps\u0131yor.\u00a0<a href=\"https:\/\/www.cumhuriyet.com.tr\/turkiye\/resmi-gazete-de-yayimlandi-2-gun-toplu-tasima-ucretsiz-olacak-2499763\" target=\"_blank\" class=\"feedzy-rss-link-icon\">Read More<\/a><\/p>","protected":false},"excerpt":{"rendered":"<p>Resmi Gazete&#8217;de yay\u0131mlanan Cumhurba\u015fkan\u0131 Karar\u0131 ile 1 May\u0131s ve 19 May\u0131s resmi tatillerinde Marmaray, Ba\u015fkentray ve \u0130ZBAN dahil olmak \u00fczere bir\u00e7ok rayl\u0131 sistem hatt\u0131 \u00fccretsiz olacak. Karar, \u0130stanbul, Ankara ve \u0130zmir\u2019deki stratejik ula\u015f\u0131m a\u011flar\u0131n\u0131 kaps\u0131yor.Resmi Gazete&#8217;de yay\u0131mlanan Cumhurba\u015fkan\u0131 Karar\u0131 ile 1 May\u0131s ve 19 May\u0131s resmi tatillerinde Marmaray, Ba\u015fkentray ve \u0130ZBAN dahil olmak \u00fczere bir\u00e7ok [&hellip;]<\/p>\n","protected":false},"author":1,"featured_media":27937,"comment_status":"open","ping_status":"open","sticky":false,"template":"","format":"standard","meta":{"footnotes":"","_links_to":"","_links_to_target":""},"categories":[1],"tags":[],"class_list":["post-27936","post","type-post","status-publish","format-standard","has-post-thumbnail","hentry","category-haberler"],"_links":{"self":[{"href":"https:\/\/www.abchukuk.com\/index.php\/wp-json\/wp\/v2\/posts\/27936","targetHints":{"allow":["GET"]}}],"collection":[{"href":"https:\/\/www.abchukuk.com\/index.php\/wp-json\/wp\/v2\/posts"}],"about":[{"href":"https:\/\/www.abchukuk.com\/index.php\/wp-json\/wp\/v2\/types\/post"}],"author":[{"embeddable":true,"href":"https:\/\/www.abchukuk.com\/index.php\/wp-json\/wp\/v2\/users\/1"}],"replies":[{"embeddable":true,"href":"https:\/\/www.abchukuk.com\/index.php\/wp-json\/wp\/v2\/comments?post=27936"}],"version-history":[{"count":0,"href":"https:\/\/www.abchukuk.com\/index.php\/wp-json\/wp\/v2\/posts\/27936\/revisions"}],"wp:featuredmedia":[{"embeddable":true,"href":"https:\/\/www.abchukuk.com\/index.php\/wp-json\/wp\/v2\/media\/27937"}],"wp:attachment":[{"href":"https:\/\/www.abchukuk.com\/index.php\/wp-json\/wp\/v2\/media?parent=27936"}],"wp:term":[{"taxonomy":"category","embeddable":true,"href":"https:\/\/www.abchukuk.com\/index.php\/wp-json\/wp\/v2\/categories?post=27936"},{"taxonomy":"post_tag","embeddable":true,"href":"https:\/\/www.abchukuk.com\/index.php\/wp-json\/wp\/v2\/tags?post=27936"}],"curies":[{"name":"wp","href":"https:\/\/api.w.org\/{rel}","templated":true}]}}