{"id":27930,"date":"2026-04-30T04:10:15","date_gmt":"2026-04-30T04:10:15","guid":{"rendered":"https:\/\/www.abchukuk.com\/index.php\/2026\/04\/30\/resmi-gazete-kararlari-yayimlandi-18\/"},"modified":"2026-04-30T04:10:15","modified_gmt":"2026-04-30T04:10:15","slug":"resmi-gazete-kararlari-yayimlandi-18","status":"publish","type":"post","link":"https:\/\/www.abchukuk.com\/index.php\/2026\/04\/30\/resmi-gazete-kararlari-yayimlandi-18\/","title":{"rendered":"Resmi Gazete kararlar\u0131 yay\u0131mland\u0131"},"content":{"rendered":"<p>Resmi Gazete kararlar\u0131 her g\u00fcn oldu\u011fu gibi bug\u00fcn de Cumhurba\u015fkan\u0131 Erdo\u011fan&#8217;\u0131n imzas\u0131yla 30 Nisan Per\u015fembe g\u00fcn\u00fc yay\u0131mland\u0131. Resmi Gazete&#8217;de yay\u0131mlanan atama kararlar\u0131na g\u00f6re, Ayd\u0131n, Ankara, Ad\u0131yaman ve Nev\u015fehir illerinin valileri, Emniyet Genel M\u00fcd\u00fcr\u00fc ve 7 ilin emniyet m\u00fcd\u00fcr\u00fc de de\u011fi\u015fti. Ankara Valili\u011fine Ayd\u0131n Valisi Yakup Canbolat, Ayd\u0131n Valili\u011fine Ad\u0131yaman Valisi Osman Varol, Ad\u0131yaman Valili\u011fine \u0130stanbul G\u00fcng\u00f6ren Kaymakam\u0131 Abdullah K\u00fc\u00e7\u00fck ve Nev\u015fehir Valili\u011fine G\u00f6\u00e7 \u0130daresi Ba\u015fkan\u0131 H\u00fcseyin K\u00f6k&#8217;\u00fcn atand\u0131. Peki, &#8220;Resmi Gazete al\u0131nan kararlar\u0131 neler?&#8221; \u0130\u015fte 30 Nisan 2026 Per\u015fembe Resmi Gazete kararlar\u0131&#8230;Resmi Gazete kararlar\u0131 her g\u00fcn oldu\u011fu gibi bug\u00fcn de Cumhurba\u015fkan\u0131 Erdo\u011fan&#8217;\u0131n imzas\u0131yla 30 Nisan Per\u015fembe g\u00fcn\u00fc yay\u0131mland\u0131. Resmi Gazete&#8217;de yay\u0131mlanan atama kararlar\u0131na g\u00f6re, Ayd\u0131n, Ankara, Ad\u0131yaman ve Nev\u015fehir illerinin valileri, Emniyet Genel M\u00fcd\u00fcr\u00fc ve 7 ilin emniyet m\u00fcd\u00fcr\u00fc de de\u011fi\u015fti. Ankara Valili\u011fine Ayd\u0131n Valisi Yakup Canbolat, Ayd\u0131n Valili\u011fine Ad\u0131yaman Valisi Osman Varol, Ad\u0131yaman Valili\u011fine \u0130stanbul G\u00fcng\u00f6ren Kaymakam\u0131 Abdullah K\u00fc\u00e7\u00fck ve Nev\u015fehir Valili\u011fine G\u00f6\u00e7 \u0130daresi Ba\u015fkan\u0131 H\u00fcseyin K\u00f6k&#8217;\u00fcn atand\u0131. Peki, &#8220;Resmi Gazete al\u0131nan kararlar\u0131 neler?&#8221; \u0130\u015fte 30 Nisan 2026 Per\u015fembe Resmi Gazete kararlar\u0131&#8230;\u00a0<a href=\"https:\/\/www.haberturk.com\/son-dakika-haberi-4-ilin-valisi-7-ilin-emniyet-muduru-degisti-30-nisan-2026-resmi-gazete-alinan-kararlari-neler-3881195\" target=\"_blank\" class=\"feedzy-rss-link-icon\">Read More<\/a><\/p>","protected":false},"excerpt":{"rendered":"<p>Resmi Gazete kararlar\u0131 her g\u00fcn oldu\u011fu gibi bug\u00fcn de Cumhurba\u015fkan\u0131 Erdo\u011fan&#8217;\u0131n imzas\u0131yla 30 Nisan Per\u015fembe g\u00fcn\u00fc yay\u0131mland\u0131. Resmi Gazete&#8217;de yay\u0131mlanan atama kararlar\u0131na g\u00f6re, Ayd\u0131n, Ankara, Ad\u0131yaman ve Nev\u015fehir illerinin valileri, Emniyet Genel M\u00fcd\u00fcr\u00fc ve 7 ilin emniyet m\u00fcd\u00fcr\u00fc de de\u011fi\u015fti. Ankara Valili\u011fine Ayd\u0131n Valisi Yakup Canbolat, Ayd\u0131n Valili\u011fine Ad\u0131yaman Valisi Osman Varol, Ad\u0131yaman Valili\u011fine \u0130stanbul [&hellip;]<\/p>\n","protected":false},"author":1,"featured_media":0,"comment_status":"open","ping_status":"open","sticky":false,"template":"","format":"standard","meta":{"footnotes":"","_links_to":"","_links_to_target":""},"categories":[1],"tags":[],"class_list":["post-27930","post","type-post","status-publish","format-standard","hentry","category-haberler"],"_links":{"self":[{"href":"https:\/\/www.abchukuk.com\/index.php\/wp-json\/wp\/v2\/posts\/27930","targetHints":{"allow":["GET"]}}],"collection":[{"href":"https:\/\/www.abchukuk.com\/index.php\/wp-json\/wp\/v2\/posts"}],"about":[{"href":"https:\/\/www.abchukuk.com\/index.php\/wp-json\/wp\/v2\/types\/post"}],"author":[{"embeddable":true,"href":"https:\/\/www.abchukuk.com\/index.php\/wp-json\/wp\/v2\/users\/1"}],"replies":[{"embeddable":true,"href":"https:\/\/www.abchukuk.com\/index.php\/wp-json\/wp\/v2\/comments?post=27930"}],"version-history":[{"count":0,"href":"https:\/\/www.abchukuk.com\/index.php\/wp-json\/wp\/v2\/posts\/27930\/revisions"}],"wp:attachment":[{"href":"https:\/\/www.abchukuk.com\/index.php\/wp-json\/wp\/v2\/media?parent=27930"}],"wp:term":[{"taxonomy":"category","embeddable":true,"href":"https:\/\/www.abchukuk.com\/index.php\/wp-json\/wp\/v2\/categories?post=27930"},{"taxonomy":"post_tag","embeddable":true,"href":"https:\/\/www.abchukuk.com\/index.php\/wp-json\/wp\/v2\/tags?post=27930"}],"curies":[{"name":"wp","href":"https:\/\/api.w.org\/{rel}","templated":true}]}}