{"id":27929,"date":"2026-04-30T04:27:59","date_gmt":"2026-04-30T04:27:59","guid":{"rendered":"https:\/\/www.abchukuk.com\/index.php\/2026\/04\/30\/1-mayis-adliyeler-acik-mi\/"},"modified":"2026-04-30T04:27:59","modified_gmt":"2026-04-30T04:27:59","slug":"1-mayis-adliyeler-acik-mi","status":"publish","type":"post","link":"https:\/\/www.abchukuk.com\/index.php\/2026\/04\/30\/1-mayis-adliyeler-acik-mi\/","title":{"rendered":"1 May\u0131s adliyeler a\u00e7\u0131k m\u0131?"},"content":{"rendered":"<p>1 May\u0131s Emek ve Dayan\u0131\u015fma G\u00fcn\u00fc nedeniyle T\u00fcrkiye genelinde kamu kurumlar\u0131n\u0131n \u00e7al\u0131\u015fma durumu yeniden g\u00fcndeme geldi. Resmi tatil kapsam\u0131nda bir\u00e7ok kurumun kapal\u0131 olmas\u0131, \u00f6zellikle hukuki i\u015flemleri olan ki\u015fileri \u201cAdliyeler a\u00e7\u0131k m\u0131?\u201d sorusuna y\u00f6neltti. 1 May\u0131s 2026 Cuma g\u00fcn\u00fc adliyelerin \u00e7al\u0131\u015fma d\u00fczenine ili\u015fkin detaylar merak konusu oldu. \u0130\u015fte bilgiler&#8230;1 May\u0131s Emek ve Dayan\u0131\u015fma G\u00fcn\u00fc nedeniyle T\u00fcrkiye genelinde kamu kurumlar\u0131n\u0131n \u00e7al\u0131\u015fma durumu yeniden g\u00fcndeme geldi. Resmi tatil kapsam\u0131nda bir\u00e7ok kurumun kapal\u0131 olmas\u0131, \u00f6zellikle hukuki i\u015flemleri olan ki\u015fileri \u201cAdliyeler a\u00e7\u0131k m\u0131?\u201d sorusuna y\u00f6neltti. 1 May\u0131s 2026 Cuma g\u00fcn\u00fc adliyelerin \u00e7al\u0131\u015fma d\u00fczenine ili\u015fkin detaylar merak konusu oldu. \u0130\u015fte bilgiler&#8230;\u00a0<a href=\"https:\/\/www.haberturk.com\/1-mayis-adliyeler-calisiyor-mu-1-mayis-2026-adliyeler-acik-mi-kapali-mi-1-mayis-adliye-calisma-saatleri-3881105\" target=\"_blank\" class=\"feedzy-rss-link-icon\">Read More<\/a><\/p>","protected":false},"excerpt":{"rendered":"<p>1 May\u0131s Emek ve Dayan\u0131\u015fma G\u00fcn\u00fc nedeniyle T\u00fcrkiye genelinde kamu kurumlar\u0131n\u0131n \u00e7al\u0131\u015fma durumu yeniden g\u00fcndeme geldi. Resmi tatil kapsam\u0131nda bir\u00e7ok kurumun kapal\u0131 olmas\u0131, \u00f6zellikle hukuki i\u015flemleri olan ki\u015fileri \u201cAdliyeler a\u00e7\u0131k m\u0131?\u201d sorusuna y\u00f6neltti. 1 May\u0131s 2026 Cuma g\u00fcn\u00fc adliyelerin \u00e7al\u0131\u015fma d\u00fczenine ili\u015fkin detaylar merak konusu oldu. \u0130\u015fte bilgiler&#8230;1 May\u0131s Emek ve Dayan\u0131\u015fma G\u00fcn\u00fc nedeniyle T\u00fcrkiye [&hellip;]<\/p>\n","protected":false},"author":1,"featured_media":0,"comment_status":"open","ping_status":"open","sticky":false,"template":"","format":"standard","meta":{"footnotes":"","_links_to":"","_links_to_target":""},"categories":[1],"tags":[],"class_list":["post-27929","post","type-post","status-publish","format-standard","hentry","category-haberler"],"_links":{"self":[{"href":"https:\/\/www.abchukuk.com\/index.php\/wp-json\/wp\/v2\/posts\/27929","targetHints":{"allow":["GET"]}}],"collection":[{"href":"https:\/\/www.abchukuk.com\/index.php\/wp-json\/wp\/v2\/posts"}],"about":[{"href":"https:\/\/www.abchukuk.com\/index.php\/wp-json\/wp\/v2\/types\/post"}],"author":[{"embeddable":true,"href":"https:\/\/www.abchukuk.com\/index.php\/wp-json\/wp\/v2\/users\/1"}],"replies":[{"embeddable":true,"href":"https:\/\/www.abchukuk.com\/index.php\/wp-json\/wp\/v2\/comments?post=27929"}],"version-history":[{"count":0,"href":"https:\/\/www.abchukuk.com\/index.php\/wp-json\/wp\/v2\/posts\/27929\/revisions"}],"wp:attachment":[{"href":"https:\/\/www.abchukuk.com\/index.php\/wp-json\/wp\/v2\/media?parent=27929"}],"wp:term":[{"taxonomy":"category","embeddable":true,"href":"https:\/\/www.abchukuk.com\/index.php\/wp-json\/wp\/v2\/categories?post=27929"},{"taxonomy":"post_tag","embeddable":true,"href":"https:\/\/www.abchukuk.com\/index.php\/wp-json\/wp\/v2\/tags?post=27929"}],"curies":[{"name":"wp","href":"https:\/\/api.w.org\/{rel}","templated":true}]}}