{"id":27927,"date":"2026-04-30T05:31:14","date_gmt":"2026-04-30T05:31:14","guid":{"rendered":"https:\/\/www.abchukuk.com\/index.php\/2026\/04\/30\/resmi-gazetede-yayimlandi-bu-2-gun-toplu-tasima-ucretsiz-olacak\/"},"modified":"2026-04-30T05:31:14","modified_gmt":"2026-04-30T05:31:14","slug":"resmi-gazetede-yayimlandi-bu-2-gun-toplu-tasima-ucretsiz-olacak","status":"publish","type":"post","link":"https:\/\/www.abchukuk.com\/index.php\/2026\/04\/30\/resmi-gazetede-yayimlandi-bu-2-gun-toplu-tasima-ucretsiz-olacak\/","title":{"rendered":"Resmi Gazete&#8217;de Yay\u0131mland\u0131! Bu 2 G\u00fcn Toplu Ta\u015f\u0131ma \u00dccretsiz Olacak"},"content":{"rendered":"<p><a href=\"https:\/\/www.gercekgundem.com\/guncel\/resmi-gazetede-yayimlandi-1-mayis-ve-19-mayista-toplu-tasima-ucretsiz-olacak-570631\"><br \/>\n                                                            <img decoding=\"async\" src=\"https:\/\/i.gercekgundem.com\/2\/150\/84\/storage\/files\/images\/2026\/04\/30\/resmi-gazetede-yayimlandi-1-mayis-ve-19-mayista-toplu-tasima-ucretsiz-olacak-yyla.jpg\" width=\"150\" height=\"84\" border=\"0\" align=\"right\" \/><br \/>\n                                                    <\/a><\/p>\n<h4>Resmi Gazete\u2019de yay\u0131mlanan karara g\u00f6re 1 May\u0131s ve 19 May\u0131s\u2019ta Ba\u015fkentray, Marmaray, \u0130ZBAN ve baz\u0131 metro hatlar\u0131nda toplu ta\u015f\u0131ma \u00fccretsiz olacak. Uygulama bayram g\u00fcnlerinde ge\u00e7erli olacak.<\/h4>\n<p>Resmi Gazete\u2019de yay\u0131mlanan karara g\u00f6re 1 May\u0131s ve 19 May\u0131s\u2019ta Ba\u015fkentray, Marmaray, \u0130ZBAN ve baz\u0131 metro hatlar\u0131nda toplu ta\u015f\u0131ma \u00fccretsiz olacak. Uygulama bayram g\u00fcnlerinde ge\u00e7erli olacak.\u00a0<a href=\"https:\/\/www.gercekgundem.com\/guncel\/resmi-gazetede-yayimlandi-1-mayis-ve-19-mayista-toplu-tasima-ucretsiz-olacak-570631\" target=\"_blank\" class=\"feedzy-rss-link-icon\">Read More<\/a><\/p>","protected":false},"excerpt":{"rendered":"<p>Resmi Gazete\u2019de yay\u0131mlanan karara g\u00f6re 1 May\u0131s ve 19 May\u0131s\u2019ta Ba\u015fkentray, Marmaray, \u0130ZBAN ve baz\u0131 metro hatlar\u0131nda toplu ta\u015f\u0131ma \u00fccretsiz olacak. Uygulama bayram g\u00fcnlerinde ge\u00e7erli olacak. Resmi Gazete\u2019de yay\u0131mlanan karara g\u00f6re 1 May\u0131s ve 19 May\u0131s\u2019ta Ba\u015fkentray, Marmaray, \u0130ZBAN ve baz\u0131 metro hatlar\u0131nda toplu ta\u015f\u0131ma \u00fccretsiz olacak. Uygulama bayram g\u00fcnlerinde ge\u00e7erli olacak.\u00a0Read More<\/p>\n","protected":false},"author":1,"featured_media":27928,"comment_status":"open","ping_status":"open","sticky":false,"template":"","format":"standard","meta":{"footnotes":"","_links_to":"","_links_to_target":""},"categories":[1],"tags":[],"class_list":["post-27927","post","type-post","status-publish","format-standard","has-post-thumbnail","hentry","category-haberler"],"_links":{"self":[{"href":"https:\/\/www.abchukuk.com\/index.php\/wp-json\/wp\/v2\/posts\/27927","targetHints":{"allow":["GET"]}}],"collection":[{"href":"https:\/\/www.abchukuk.com\/index.php\/wp-json\/wp\/v2\/posts"}],"about":[{"href":"https:\/\/www.abchukuk.com\/index.php\/wp-json\/wp\/v2\/types\/post"}],"author":[{"embeddable":true,"href":"https:\/\/www.abchukuk.com\/index.php\/wp-json\/wp\/v2\/users\/1"}],"replies":[{"embeddable":true,"href":"https:\/\/www.abchukuk.com\/index.php\/wp-json\/wp\/v2\/comments?post=27927"}],"version-history":[{"count":0,"href":"https:\/\/www.abchukuk.com\/index.php\/wp-json\/wp\/v2\/posts\/27927\/revisions"}],"wp:featuredmedia":[{"embeddable":true,"href":"https:\/\/www.abchukuk.com\/index.php\/wp-json\/wp\/v2\/media\/27928"}],"wp:attachment":[{"href":"https:\/\/www.abchukuk.com\/index.php\/wp-json\/wp\/v2\/media?parent=27927"}],"wp:term":[{"taxonomy":"category","embeddable":true,"href":"https:\/\/www.abchukuk.com\/index.php\/wp-json\/wp\/v2\/categories?post=27927"},{"taxonomy":"post_tag","embeddable":true,"href":"https:\/\/www.abchukuk.com\/index.php\/wp-json\/wp\/v2\/tags?post=27927"}],"curies":[{"name":"wp","href":"https:\/\/api.w.org\/{rel}","templated":true}]}}