{"id":27895,"date":"2026-04-29T21:15:00","date_gmt":"2026-04-29T21:15:00","guid":{"rendered":"https:\/\/www.abchukuk.com\/index.php\/2026\/04\/29\/kritik-atamalar-resmi-gazetede-bircok-ilin-valisi-ve-emniyet-muduru-degisti\/"},"modified":"2026-04-29T21:15:00","modified_gmt":"2026-04-29T21:15:00","slug":"kritik-atamalar-resmi-gazetede-bircok-ilin-valisi-ve-emniyet-muduru-degisti","status":"publish","type":"post","link":"https:\/\/www.abchukuk.com\/index.php\/2026\/04\/29\/kritik-atamalar-resmi-gazetede-bircok-ilin-valisi-ve-emniyet-muduru-degisti\/","title":{"rendered":"Kritik atamalar Resmi Gazete\u2019de: Bir\u00e7ok ilin valisi ve emniyet m\u00fcd\u00fcr\u00fc de\u011fi\u015fti"},"content":{"rendered":"<p>Resmi Gazete\u2019de yay\u0131mlanan atama kararlar\u0131yla Ankara Valili\u011fi ve Emniyet Genel M\u00fcd\u00fcrl\u00fc\u011f\u00fc ba\u015fta olmak \u00fczere bir\u00e7ok kritik g\u00f6revde de\u011fi\u015fiklik yap\u0131ld\u0131. Buna g\u00f6re, Vasip \u015eahin T\u00fcrkiye \u0130nsan Haklar\u0131 ve E\u015fitlik Kurumu Ba\u015fkanl\u0131\u011f\u0131\u2019na atan\u0131rken, Ankara Valili\u011fi koltu\u011funa Ayd\u0131n Valisi Yakup Canbolat getirildi. Kararla birlikte bir\u00e7ok ilde vali ve emniyet m\u00fcd\u00fcr\u00fc de\u011fi\u015fti.Resmi Gazete\u2019de yay\u0131mlanan atama kararlar\u0131yla Ankara Valili\u011fi ve Emniyet Genel M\u00fcd\u00fcrl\u00fc\u011f\u00fc ba\u015fta olmak \u00fczere bir\u00e7ok kritik g\u00f6revde de\u011fi\u015fiklik yap\u0131ld\u0131. Buna g\u00f6re, Vasip \u015eahin T\u00fcrkiye \u0130nsan Haklar\u0131 ve E\u015fitlik Kurumu Ba\u015fkanl\u0131\u011f\u0131\u2019na atan\u0131rken, Ankara Valili\u011fi koltu\u011funa Ayd\u0131n Valisi Yakup Canbolat getirildi. Kararla birlikte bir\u00e7ok ilde vali ve emniyet m\u00fcd\u00fcr\u00fc de\u011fi\u015fti.\u00a0<a href=\"https:\/\/www.dunya.com\/gundem\/kritik-atamalar-resmi-gazetede-bircok-ilin-valisi-ve-emniyet-muduru-degisti-haberi-823383\" target=\"_blank\" class=\"feedzy-rss-link-icon\">Read More<\/a><\/p>","protected":false},"excerpt":{"rendered":"<p>Resmi Gazete\u2019de yay\u0131mlanan atama kararlar\u0131yla Ankara Valili\u011fi ve Emniyet Genel M\u00fcd\u00fcrl\u00fc\u011f\u00fc ba\u015fta olmak \u00fczere bir\u00e7ok kritik g\u00f6revde de\u011fi\u015fiklik yap\u0131ld\u0131. Buna g\u00f6re, Vasip \u015eahin T\u00fcrkiye \u0130nsan Haklar\u0131 ve E\u015fitlik Kurumu Ba\u015fkanl\u0131\u011f\u0131\u2019na atan\u0131rken, Ankara Valili\u011fi koltu\u011funa Ayd\u0131n Valisi Yakup Canbolat getirildi. Kararla birlikte bir\u00e7ok ilde vali ve emniyet m\u00fcd\u00fcr\u00fc de\u011fi\u015fti.Resmi Gazete\u2019de yay\u0131mlanan atama kararlar\u0131yla Ankara Valili\u011fi ve [&hellip;]<\/p>\n","protected":false},"author":1,"featured_media":27896,"comment_status":"open","ping_status":"open","sticky":false,"template":"","format":"standard","meta":{"footnotes":"","_links_to":"","_links_to_target":""},"categories":[1],"tags":[],"class_list":["post-27895","post","type-post","status-publish","format-standard","has-post-thumbnail","hentry","category-haberler"],"_links":{"self":[{"href":"https:\/\/www.abchukuk.com\/index.php\/wp-json\/wp\/v2\/posts\/27895","targetHints":{"allow":["GET"]}}],"collection":[{"href":"https:\/\/www.abchukuk.com\/index.php\/wp-json\/wp\/v2\/posts"}],"about":[{"href":"https:\/\/www.abchukuk.com\/index.php\/wp-json\/wp\/v2\/types\/post"}],"author":[{"embeddable":true,"href":"https:\/\/www.abchukuk.com\/index.php\/wp-json\/wp\/v2\/users\/1"}],"replies":[{"embeddable":true,"href":"https:\/\/www.abchukuk.com\/index.php\/wp-json\/wp\/v2\/comments?post=27895"}],"version-history":[{"count":0,"href":"https:\/\/www.abchukuk.com\/index.php\/wp-json\/wp\/v2\/posts\/27895\/revisions"}],"wp:featuredmedia":[{"embeddable":true,"href":"https:\/\/www.abchukuk.com\/index.php\/wp-json\/wp\/v2\/media\/27896"}],"wp:attachment":[{"href":"https:\/\/www.abchukuk.com\/index.php\/wp-json\/wp\/v2\/media?parent=27895"}],"wp:term":[{"taxonomy":"category","embeddable":true,"href":"https:\/\/www.abchukuk.com\/index.php\/wp-json\/wp\/v2\/categories?post=27895"},{"taxonomy":"post_tag","embeddable":true,"href":"https:\/\/www.abchukuk.com\/index.php\/wp-json\/wp\/v2\/tags?post=27895"}],"curies":[{"name":"wp","href":"https:\/\/api.w.org\/{rel}","templated":true}]}}