{"id":27893,"date":"2026-04-29T21:15:00","date_gmt":"2026-04-29T21:15:00","guid":{"rendered":"https:\/\/www.abchukuk.com\/index.php\/2026\/04\/29\/son-dakika-resmi-gazetede-yayimladi-ankara-valisi-ve-emniyet-genel-muduru-gorevden-alindi-yerlerine-atanan-isimler-belli-oldu\/"},"modified":"2026-04-29T21:15:00","modified_gmt":"2026-04-29T21:15:00","slug":"son-dakika-resmi-gazetede-yayimladi-ankara-valisi-ve-emniyet-genel-muduru-gorevden-alindi-yerlerine-atanan-isimler-belli-oldu","status":"publish","type":"post","link":"https:\/\/www.abchukuk.com\/index.php\/2026\/04\/29\/son-dakika-resmi-gazetede-yayimladi-ankara-valisi-ve-emniyet-genel-muduru-gorevden-alindi-yerlerine-atanan-isimler-belli-oldu\/","title":{"rendered":"Son Dakika&#8230; Resmi Gazete&#8217;de yay\u0131mlad\u0131: Ankara Valisi ve Emniyet Genel M\u00fcd\u00fcr\u00fc g\u00f6revden al\u0131nd\u0131, yerlerine atanan isimler belli oldu!"},"content":{"rendered":"<p>Resmi Gazete\u2019de yay\u0131mlanan atama karar\u0131na g\u00f6re Ankara Valisi Vasip \u015eahin yerine Ankara Valili\u011fine Ayd\u0131n Valisi Yakup Canpolat atand\u0131. Nev\u015fehir Valisi Ali Fidan da Emniyet Genel M\u00fcd\u00fcr\u00fc olarak atand\u0131.Resmi Gazete\u2019de yay\u0131mlanan atama karar\u0131na g\u00f6re Ankara Valisi Vasip \u015eahin yerine Ankara Valili\u011fine Ayd\u0131n Valisi Yakup Canpolat atand\u0131. Nev\u015fehir Valisi Ali Fidan da Emniyet Genel M\u00fcd\u00fcr\u00fc olarak atand\u0131.\u00a0<a href=\"https:\/\/www.cumhuriyet.com.tr\/siyaset\/son-dakika-resmi-gazete-de-yayimladi-ankara-valisi-gorevden-alindi-yerine-atanan-isim-belli-oldu-2499691\" target=\"_blank\" class=\"feedzy-rss-link-icon\">Read More<\/a><\/p>","protected":false},"excerpt":{"rendered":"<p>Resmi Gazete\u2019de yay\u0131mlanan atama karar\u0131na g\u00f6re Ankara Valisi Vasip \u015eahin yerine Ankara Valili\u011fine Ayd\u0131n Valisi Yakup Canpolat atand\u0131. Nev\u015fehir Valisi Ali Fidan da Emniyet Genel M\u00fcd\u00fcr\u00fc olarak atand\u0131.Resmi Gazete\u2019de yay\u0131mlanan atama karar\u0131na g\u00f6re Ankara Valisi Vasip \u015eahin yerine Ankara Valili\u011fine Ayd\u0131n Valisi Yakup Canpolat atand\u0131. Nev\u015fehir Valisi Ali Fidan da Emniyet Genel M\u00fcd\u00fcr\u00fc olarak atand\u0131.\u00a0Read [&hellip;]<\/p>\n","protected":false},"author":1,"featured_media":27894,"comment_status":"open","ping_status":"open","sticky":false,"template":"","format":"standard","meta":{"footnotes":"","_links_to":"","_links_to_target":""},"categories":[1],"tags":[],"class_list":["post-27893","post","type-post","status-publish","format-standard","has-post-thumbnail","hentry","category-haberler"],"_links":{"self":[{"href":"https:\/\/www.abchukuk.com\/index.php\/wp-json\/wp\/v2\/posts\/27893","targetHints":{"allow":["GET"]}}],"collection":[{"href":"https:\/\/www.abchukuk.com\/index.php\/wp-json\/wp\/v2\/posts"}],"about":[{"href":"https:\/\/www.abchukuk.com\/index.php\/wp-json\/wp\/v2\/types\/post"}],"author":[{"embeddable":true,"href":"https:\/\/www.abchukuk.com\/index.php\/wp-json\/wp\/v2\/users\/1"}],"replies":[{"embeddable":true,"href":"https:\/\/www.abchukuk.com\/index.php\/wp-json\/wp\/v2\/comments?post=27893"}],"version-history":[{"count":0,"href":"https:\/\/www.abchukuk.com\/index.php\/wp-json\/wp\/v2\/posts\/27893\/revisions"}],"wp:featuredmedia":[{"embeddable":true,"href":"https:\/\/www.abchukuk.com\/index.php\/wp-json\/wp\/v2\/media\/27894"}],"wp:attachment":[{"href":"https:\/\/www.abchukuk.com\/index.php\/wp-json\/wp\/v2\/media?parent=27893"}],"wp:term":[{"taxonomy":"category","embeddable":true,"href":"https:\/\/www.abchukuk.com\/index.php\/wp-json\/wp\/v2\/categories?post=27893"},{"taxonomy":"post_tag","embeddable":true,"href":"https:\/\/www.abchukuk.com\/index.php\/wp-json\/wp\/v2\/tags?post=27893"}],"curies":[{"name":"wp","href":"https:\/\/api.w.org\/{rel}","templated":true}]}}