{"id":27891,"date":"2026-04-29T21:26:59","date_gmt":"2026-04-29T21:26:59","guid":{"rendered":"https:\/\/www.abchukuk.com\/index.php\/2026\/04\/29\/hskdan-terfi-sisteminde-kritik-hamle-yuzdelik-baraj-kaldirildi\/"},"modified":"2026-04-29T21:26:59","modified_gmt":"2026-04-29T21:26:59","slug":"hskdan-terfi-sisteminde-kritik-hamle-yuzdelik-baraj-kaldirildi","status":"publish","type":"post","link":"https:\/\/www.abchukuk.com\/index.php\/2026\/04\/29\/hskdan-terfi-sisteminde-kritik-hamle-yuzdelik-baraj-kaldirildi\/","title":{"rendered":"HSK\u2019DAN TERF\u0130 S\u0130STEM\u0130NDE KR\u0130T\u0130K HAMLE! Y\u00dcZDEL\u0130K BARAJ KALDIRILDI!"},"content":{"rendered":"<p class=\"p1\"><strong>SONTV \u2013 \u00d6ZEL HABER<\/strong><\/p>\n<p class=\"p2\">Hakimler ve Savc\u0131lar Kurulu, yarg\u0131 te\u015fkilat\u0131n\u0131n en kritik ba\u015fl\u0131klar\u0131ndan biri olan terfi sisteminde dikkat \u00e7eken bir de\u011fi\u015fikli\u011fe imza att\u0131. 30 Nisan 2026 tarihli Resm\u00ee Gazete\u2019de yay\u0131mlanan iki ayr\u0131 ilke karar\u0131yla, hem birinci s\u0131n\u0131fa ayr\u0131lma hem de derece y\u00fckselmesi s\u00fcre\u00e7lerinde uygulanan \u201cy\u00fczdelik dilim baraj\u0131\u201d kald\u0131r\u0131ld\u0131.<\/p>\n<h3 class=\"wp-block-heading\"><strong>Y\u00dcZDEL\u0130K ENGEL\u0130 TAR\u0130H OLDU<\/strong><\/h3>\n<p class=\"p2\">Yay\u0131mlanan d\u00fczenlemelere g\u00f6re, h\u00e2kim ve savc\u0131lar\u0131n performans de\u011ferlendirmelerinde esas al\u0131nan ve uzun s\u00fcredir tart\u0131\u015fma konusu olan \u201ci\u015f y\u00fczdelerinin 10\u2019ar puan a\u015fa\u011f\u0131s\u0131 esas al\u0131n\u0131r\u201d h\u00fckm\u00fc y\u00fcr\u00fcrl\u00fckten kald\u0131r\u0131ld\u0131. Bu de\u011fi\u015fiklikle birlikte, terfi sisteminde matematiksel s\u0131n\u0131rlamalar\u0131n yerine daha do\u011frudan performans de\u011ferlendirmesinin \u00f6n\u00fcn\u00fcn a\u00e7\u0131ld\u0131\u011f\u0131 de\u011ferlendiriliyor.<\/p>\n<h3 class=\"wp-block-heading\"><strong>\u0130K\u0130 AYRI KR\u0130T\u0130K D\u00dcZENLEME<\/strong><\/h3>\n<p class=\"p2\">HSK\u2019n\u0131n yay\u0131mlad\u0131\u011f\u0131 ilke kararlar\u0131 iki ba\u015fl\u0131kta dikkat \u00e7ekti. Birinci d\u00fczenleme, \u201cbirinci s\u0131n\u0131fa ayr\u0131lan ve birinci s\u0131n\u0131f olan h\u00e2kim ve savc\u0131lar\u0131n \u00e7al\u0131\u015fmalar\u0131n\u0131n de\u011ferlendirilmesi\u201d esaslar\u0131n\u0131 kapsarken, ikinci d\u00fczenleme do\u011frudan \u201cderece y\u00fckselmesi\u201d sistemine ili\u015fkin de\u011fi\u015fiklik i\u00e7eriyor. Her iki metinde de ayn\u0131 \u015fekilde y\u00fczdelik dilim uygulamas\u0131n\u0131n kald\u0131r\u0131ld\u0131\u011f\u0131 g\u00f6r\u00fcl\u00fcyor.<\/p>\n<h3 class=\"wp-block-heading\"><strong>A\u011eUSTOS TERF\u0130LER\u0130NE DO\u011eRUDAN ETK\u0130<\/strong><\/h3>\n<p class=\"p2\">Kararlara eklenen ge\u00e7ici maddelerle birlikte yeni sistemin uygulama tarihi de netle\u015fti. Buna g\u00f6re yap\u0131lan de\u011fi\u015fiklikler, 2026 y\u0131l\u0131 A\u011fustos terfi d\u00f6neminden itibaren ge\u00e7erli olacak. Bu durum, \u00f6n\u00fcm\u00fczdeki yaz kararnamesi \u00f6ncesinde yarg\u0131 kulislerinde dengeleri de\u011fi\u015ftirecek bir ad\u0131m olarak yorumlan\u0131yor.<\/p>\n<h3 class=\"wp-block-heading\"><strong>KUL\u0130SLERDE \u201cYEN\u0130 DE\u011eERLEND\u0130RME MODEL\u0130\u201d YORUMU<\/strong><\/h3>\n<p class=\"p2\"><strong>SONTV\u2019nin<\/strong> yarg\u0131 kulislerinden edindi\u011fi bilgilere g\u00f6re, bu ad\u0131m sadece teknik bir de\u011fi\u015fiklik de\u011fil, ayn\u0131 zamanda HSK\u2019n\u0131n terfi sisteminde daha esnek ve dosya bazl\u0131 de\u011ferlendirmeye ge\u00e7i\u015finin i\u015fareti olarak g\u00f6r\u00fcl\u00fcyor. \u00d6zellikle performans \u00f6l\u00e7\u00fcm\u00fcnde say\u0131sal s\u0131n\u0131rlar\u0131n kald\u0131r\u0131lmas\u0131yla birlikte, nitelik odakl\u0131 bir de\u011ferlendirme s\u00fcrecinin g\u00fc\u00e7 kazanaca\u011f\u0131 ifade ediliyor.<\/p>\n<h3 class=\"wp-block-heading\"><strong>YARGIDA DENGELER DE\u011e\u0130\u015eEB\u0130L\u0130R<\/strong><\/h3>\n<p class=\"p2\">Yeni d\u00fczenlemenin, \u00f6zellikle uzun s\u00fcredir ayn\u0131 dilimde bekleyen h\u00e2kim ve savc\u0131lar a\u00e7\u0131s\u0131ndan ciddi sonu\u00e7lar do\u011furmas\u0131 bekleniyor. A\u011fustos ay\u0131nda yap\u0131lacak terfi s\u00fcrecinde, klasik s\u0131ralamalar\u0131n d\u0131\u015f\u0131nda yeni isimlerin \u00f6ne \u00e7\u0131kabilece\u011fi ve sistemin daha rekabet\u00e7i bir yap\u0131ya evrilece\u011fi konu\u015fuluyor.<\/p>\n<p class=\"p4\">Yarg\u0131 te\u015fkilat\u0131nda ta\u015flar\u0131 yerinden oynatabilecek bu de\u011fi\u015fiklik, yaz kararnamesi \u00f6ncesinde at\u0131lan en kritik ad\u0131mlardan biri olarak de\u011ferlendiriliyor.<\/p>\n<figure class=\"wp-block-image size-large\"><img fetchpriority=\"high\" decoding=\"async\" width=\"1024\" height=\"820\" src=\"https:\/\/www.son.tv\/wp-content\/uploads\/2026\/04\/img_1261-1024x820.jpg\" class=\"wp-image-171718\" \/><\/figure>\n<figure class=\"wp-block-image size-large\"><img decoding=\"async\" width=\"1024\" height=\"905\" src=\"https:\/\/www.son.tv\/wp-content\/uploads\/2026\/04\/img_1260-1024x905.jpg\" class=\"wp-image-171719\" \/><\/figure>\n<p>SONTV \u2013 \u00d6ZEL HABER Hakimler ve Savc\u0131lar Kurulu, yarg\u0131 te\u015fkilat\u0131n\u0131n en kritik ba\u015fl\u0131klar\u0131ndan biri olan terfi sisteminde dikkat \u00e7eken bir de\u011fi\u015fikli\u011fe imza att\u0131. 30 Nisan 2026 tarihli Resm\u00ee Gazete\u2019de yay\u0131mlanan iki ayr\u0131 ilke karar\u0131yla, hem birinci s\u0131n\u0131fa ayr\u0131lma hem de derece y\u00fckselmesi s\u00fcre\u00e7lerinde uygulanan \u201cy\u00fczdelik dilim baraj\u0131\u201d kald\u0131r\u0131ld\u0131. Y\u00dcZDEL\u0130K ENGEL\u0130 TAR\u0130H OLDU Yay\u0131mlanan d\u00fczenlemelere g\u00f6re,\u00a0<a href=\"https:\/\/www.son.tv\/hskdan-terfi-sisteminde-kritik-hamleyuzdelik-baraj-kaldirildi-yeni-donem-agustosta-basliyor\/\" target=\"_blank\" class=\"feedzy-rss-link-icon\">Read More<\/a><\/p>","protected":false},"excerpt":{"rendered":"<p>SONTV \u2013 \u00d6ZEL HABER Hakimler ve Savc\u0131lar Kurulu, yarg\u0131 te\u015fkilat\u0131n\u0131n en kritik ba\u015fl\u0131klar\u0131ndan biri olan terfi sisteminde dikkat \u00e7eken bir de\u011fi\u015fikli\u011fe imza att\u0131. 30 Nisan 2026 tarihli Resm\u00ee Gazete\u2019de yay\u0131mlanan iki ayr\u0131 ilke karar\u0131yla, hem birinci s\u0131n\u0131fa ayr\u0131lma hem de derece y\u00fckselmesi s\u00fcre\u00e7lerinde uygulanan \u201cy\u00fczdelik dilim baraj\u0131\u201d kald\u0131r\u0131ld\u0131. Y\u00dcZDEL\u0130K ENGEL\u0130 TAR\u0130H OLDU Yay\u0131mlanan d\u00fczenlemelere g\u00f6re, [&hellip;]<\/p>\n","protected":false},"author":1,"featured_media":27892,"comment_status":"open","ping_status":"open","sticky":false,"template":"","format":"standard","meta":{"footnotes":"","_links_to":"","_links_to_target":""},"categories":[1],"tags":[],"class_list":["post-27891","post","type-post","status-publish","format-standard","has-post-thumbnail","hentry","category-haberler"],"_links":{"self":[{"href":"https:\/\/www.abchukuk.com\/index.php\/wp-json\/wp\/v2\/posts\/27891","targetHints":{"allow":["GET"]}}],"collection":[{"href":"https:\/\/www.abchukuk.com\/index.php\/wp-json\/wp\/v2\/posts"}],"about":[{"href":"https:\/\/www.abchukuk.com\/index.php\/wp-json\/wp\/v2\/types\/post"}],"author":[{"embeddable":true,"href":"https:\/\/www.abchukuk.com\/index.php\/wp-json\/wp\/v2\/users\/1"}],"replies":[{"embeddable":true,"href":"https:\/\/www.abchukuk.com\/index.php\/wp-json\/wp\/v2\/comments?post=27891"}],"version-history":[{"count":0,"href":"https:\/\/www.abchukuk.com\/index.php\/wp-json\/wp\/v2\/posts\/27891\/revisions"}],"wp:featuredmedia":[{"embeddable":true,"href":"https:\/\/www.abchukuk.com\/index.php\/wp-json\/wp\/v2\/media\/27892"}],"wp:attachment":[{"href":"https:\/\/www.abchukuk.com\/index.php\/wp-json\/wp\/v2\/media?parent=27891"}],"wp:term":[{"taxonomy":"category","embeddable":true,"href":"https:\/\/www.abchukuk.com\/index.php\/wp-json\/wp\/v2\/categories?post=27891"},{"taxonomy":"post_tag","embeddable":true,"href":"https:\/\/www.abchukuk.com\/index.php\/wp-json\/wp\/v2\/tags?post=27891"}],"curies":[{"name":"wp","href":"https:\/\/api.w.org\/{rel}","templated":true}]}}