{"id":27889,"date":"2026-04-29T21:36:00","date_gmt":"2026-04-29T21:36:00","guid":{"rendered":"https:\/\/www.abchukuk.com\/index.php\/2026\/04\/29\/resmi-gazetede-kritik-atamalar-emniyette-zirve-degisti-valiliklerde-kapsamli-yenilik\/"},"modified":"2026-04-29T21:36:00","modified_gmt":"2026-04-29T21:36:00","slug":"resmi-gazetede-kritik-atamalar-emniyette-zirve-degisti-valiliklerde-kapsamli-yenilik","status":"publish","type":"post","link":"https:\/\/www.abchukuk.com\/index.php\/2026\/04\/29\/resmi-gazetede-kritik-atamalar-emniyette-zirve-degisti-valiliklerde-kapsamli-yenilik\/","title":{"rendered":"Resmi Gazete\u2019de Kritik Atamalar: Emniyet\u2019te Zirve De\u011fi\u015fti, Valiliklerde Kapsaml\u0131 Yenilik"},"content":{"rendered":"<p><a href=\"https:\/\/www.gercekgundem.com\/guncel\/resmi-gazetede-kritik-atamalar-emniyette-zirve-degisti-valiliklerde-kapsamli-yenilik-570626\"><br \/>\n                                                            <img decoding=\"async\" src=\"https:\/\/i.gercekgundem.com\/2\/150\/84\/storage\/files\/images\/2026\/04\/30\/resmi-gazetede-kritik-atamalar-emniyette-zirve-degisti-valiliklerde-kapsamli-degisim-2bgv.png\" width=\"150\" height=\"84\" border=\"0\" align=\"right\" \/><br \/>\n                                                    <\/a><\/p>\n<h4>Resmi Gazete kararlar\u0131yla Emniyet Genel M\u00fcd\u00fcrl\u00fc\u011f\u00fc ve valiliklerde \u00fcst d\u00fczey g\u00f6rev de\u011fi\u015fiklikleri yap\u0131ld\u0131. \u00c7ok say\u0131da ilde yeni atamalarla y\u00f6netim kadrolar\u0131 yeniden \u015fekillendirildi.<\/h4>\n<p>Resmi Gazete kararlar\u0131yla Emniyet Genel M\u00fcd\u00fcrl\u00fc\u011f\u00fc ve valiliklerde \u00fcst d\u00fczey g\u00f6rev de\u011fi\u015fiklikleri yap\u0131ld\u0131. \u00c7ok say\u0131da ilde yeni atamalarla y\u00f6netim kadrolar\u0131 yeniden \u015fekillendirildi.\u00a0<a href=\"https:\/\/www.gercekgundem.com\/guncel\/resmi-gazetede-kritik-atamalar-emniyette-zirve-degisti-valiliklerde-kapsamli-yenilik-570626\" target=\"_blank\" class=\"feedzy-rss-link-icon\">Read More<\/a><\/p>","protected":false},"excerpt":{"rendered":"<p>Resmi Gazete kararlar\u0131yla Emniyet Genel M\u00fcd\u00fcrl\u00fc\u011f\u00fc ve valiliklerde \u00fcst d\u00fczey g\u00f6rev de\u011fi\u015fiklikleri yap\u0131ld\u0131. \u00c7ok say\u0131da ilde yeni atamalarla y\u00f6netim kadrolar\u0131 yeniden \u015fekillendirildi. Resmi Gazete kararlar\u0131yla Emniyet Genel M\u00fcd\u00fcrl\u00fc\u011f\u00fc ve valiliklerde \u00fcst d\u00fczey g\u00f6rev de\u011fi\u015fiklikleri yap\u0131ld\u0131. \u00c7ok say\u0131da ilde yeni atamalarla y\u00f6netim kadrolar\u0131 yeniden \u015fekillendirildi.\u00a0Read More<\/p>\n","protected":false},"author":1,"featured_media":27890,"comment_status":"open","ping_status":"open","sticky":false,"template":"","format":"standard","meta":{"footnotes":"","_links_to":"","_links_to_target":""},"categories":[1],"tags":[],"class_list":["post-27889","post","type-post","status-publish","format-standard","has-post-thumbnail","hentry","category-haberler"],"_links":{"self":[{"href":"https:\/\/www.abchukuk.com\/index.php\/wp-json\/wp\/v2\/posts\/27889","targetHints":{"allow":["GET"]}}],"collection":[{"href":"https:\/\/www.abchukuk.com\/index.php\/wp-json\/wp\/v2\/posts"}],"about":[{"href":"https:\/\/www.abchukuk.com\/index.php\/wp-json\/wp\/v2\/types\/post"}],"author":[{"embeddable":true,"href":"https:\/\/www.abchukuk.com\/index.php\/wp-json\/wp\/v2\/users\/1"}],"replies":[{"embeddable":true,"href":"https:\/\/www.abchukuk.com\/index.php\/wp-json\/wp\/v2\/comments?post=27889"}],"version-history":[{"count":0,"href":"https:\/\/www.abchukuk.com\/index.php\/wp-json\/wp\/v2\/posts\/27889\/revisions"}],"wp:featuredmedia":[{"embeddable":true,"href":"https:\/\/www.abchukuk.com\/index.php\/wp-json\/wp\/v2\/media\/27890"}],"wp:attachment":[{"href":"https:\/\/www.abchukuk.com\/index.php\/wp-json\/wp\/v2\/media?parent=27889"}],"wp:term":[{"taxonomy":"category","embeddable":true,"href":"https:\/\/www.abchukuk.com\/index.php\/wp-json\/wp\/v2\/categories?post=27889"},{"taxonomy":"post_tag","embeddable":true,"href":"https:\/\/www.abchukuk.com\/index.php\/wp-json\/wp\/v2\/tags?post=27889"}],"curies":[{"name":"wp","href":"https:\/\/api.w.org\/{rel}","templated":true}]}}