{"id":27887,"date":"2026-04-29T21:46:00","date_gmt":"2026-04-29T21:46:00","guid":{"rendered":"https:\/\/www.abchukuk.com\/index.php\/2026\/04\/29\/kaybolan-kadin-ahirda-olu-bulundu-damadi-gozaltina-alindi\/"},"modified":"2026-04-29T21:46:00","modified_gmt":"2026-04-29T21:46:00","slug":"kaybolan-kadin-ahirda-olu-bulundu-damadi-gozaltina-alindi","status":"publish","type":"post","link":"https:\/\/www.abchukuk.com\/index.php\/2026\/04\/29\/kaybolan-kadin-ahirda-olu-bulundu-damadi-gozaltina-alindi\/","title":{"rendered":"Kaybolan kad\u0131n ah\u0131rda \u00f6l\u00fc bulundu: Damad\u0131 g\u00f6zalt\u0131na al\u0131nd\u0131"},"content":{"rendered":"<p>Ardahan&#8217;da kay\u0131p olarak aranan kad\u0131n ah\u0131rda \u00f6l\u00fc bulundu. Kad\u0131n\u0131n damad\u0131, olayla ilgili olarak g\u00f6zalt\u0131na al\u0131nd\u0131. Olayla ilgili jandarma ekiplerinin geni\u015f \u00e7apl\u0131 soru\u015fturma ba\u015flatt\u0131\u011f\u0131 ve s\u00fcrecin devam etti\u011fi bildirildi.Ardahan&#8217;da kay\u0131p olarak aranan kad\u0131n ah\u0131rda \u00f6l\u00fc bulundu. Kad\u0131n\u0131n damad\u0131, olayla ilgili olarak g\u00f6zalt\u0131na al\u0131nd\u0131. Olayla ilgili jandarma ekiplerinin geni\u015f \u00e7apl\u0131 soru\u015fturma ba\u015flatt\u0131\u011f\u0131 ve s\u00fcrecin devam etti\u011fi bildirildi.\u00a0<a href=\"https:\/\/www.cumhuriyet.com.tr\/turkiye\/kaybolan-kadin-ahirda-olu-bulundu-damadi-gozaltina-alindi-2499697\" target=\"_blank\" class=\"feedzy-rss-link-icon\">Read More<\/a><\/p>","protected":false},"excerpt":{"rendered":"<p>Ardahan&#8217;da kay\u0131p olarak aranan kad\u0131n ah\u0131rda \u00f6l\u00fc bulundu. Kad\u0131n\u0131n damad\u0131, olayla ilgili olarak g\u00f6zalt\u0131na al\u0131nd\u0131. Olayla ilgili jandarma ekiplerinin geni\u015f \u00e7apl\u0131 soru\u015fturma ba\u015flatt\u0131\u011f\u0131 ve s\u00fcrecin devam etti\u011fi bildirildi.Ardahan&#8217;da kay\u0131p olarak aranan kad\u0131n ah\u0131rda \u00f6l\u00fc bulundu. Kad\u0131n\u0131n damad\u0131, olayla ilgili olarak g\u00f6zalt\u0131na al\u0131nd\u0131. Olayla ilgili jandarma ekiplerinin geni\u015f \u00e7apl\u0131 soru\u015fturma ba\u015flatt\u0131\u011f\u0131 ve s\u00fcrecin devam etti\u011fi bildirildi.\u00a0Read [&hellip;]<\/p>\n","protected":false},"author":1,"featured_media":27888,"comment_status":"open","ping_status":"open","sticky":false,"template":"","format":"standard","meta":{"footnotes":"","_links_to":"","_links_to_target":""},"categories":[1],"tags":[],"class_list":["post-27887","post","type-post","status-publish","format-standard","has-post-thumbnail","hentry","category-haberler"],"_links":{"self":[{"href":"https:\/\/www.abchukuk.com\/index.php\/wp-json\/wp\/v2\/posts\/27887","targetHints":{"allow":["GET"]}}],"collection":[{"href":"https:\/\/www.abchukuk.com\/index.php\/wp-json\/wp\/v2\/posts"}],"about":[{"href":"https:\/\/www.abchukuk.com\/index.php\/wp-json\/wp\/v2\/types\/post"}],"author":[{"embeddable":true,"href":"https:\/\/www.abchukuk.com\/index.php\/wp-json\/wp\/v2\/users\/1"}],"replies":[{"embeddable":true,"href":"https:\/\/www.abchukuk.com\/index.php\/wp-json\/wp\/v2\/comments?post=27887"}],"version-history":[{"count":0,"href":"https:\/\/www.abchukuk.com\/index.php\/wp-json\/wp\/v2\/posts\/27887\/revisions"}],"wp:featuredmedia":[{"embeddable":true,"href":"https:\/\/www.abchukuk.com\/index.php\/wp-json\/wp\/v2\/media\/27888"}],"wp:attachment":[{"href":"https:\/\/www.abchukuk.com\/index.php\/wp-json\/wp\/v2\/media?parent=27887"}],"wp:term":[{"taxonomy":"category","embeddable":true,"href":"https:\/\/www.abchukuk.com\/index.php\/wp-json\/wp\/v2\/categories?post=27887"},{"taxonomy":"post_tag","embeddable":true,"href":"https:\/\/www.abchukuk.com\/index.php\/wp-json\/wp\/v2\/tags?post=27887"}],"curies":[{"name":"wp","href":"https:\/\/api.w.org\/{rel}","templated":true}]}}