{"id":27878,"date":"2026-04-29T19:16:22","date_gmt":"2026-04-29T19:16:22","guid":{"rendered":"https:\/\/www.abchukuk.com\/index.php\/2026\/04\/29\/adalet-bakanliginda-kritik-toplanti-personel-haklarinda-neler-degisecek\/"},"modified":"2026-04-29T19:16:22","modified_gmt":"2026-04-29T19:16:22","slug":"adalet-bakanliginda-kritik-toplanti-personel-haklarinda-neler-degisecek","status":"publish","type":"post","link":"https:\/\/www.abchukuk.com\/index.php\/2026\/04\/29\/adalet-bakanliginda-kritik-toplanti-personel-haklarinda-neler-degisecek\/","title":{"rendered":"ADALET BAKANLI\u011eI\u2019NDA KR\u0130T\u0130K TOPLANTI: PERSONEL HAKLARINDA NELER DE\u011e\u0130\u015eECEK?"},"content":{"rendered":"<p>ADALET <a href=\"https:\/\/www.son.tv\/adalet-bakanliginda-kritik-toplanti-personel-haklarinda-neler-degisecek\/\">ADALET BAKANLI\u011eI\u2019NDA KR\u0130T\u0130K TOPLANTI: PERSONEL HAKLARINDA NELER DE\u011e\u0130\u015eECEK?<\/a>BAKANLI\u011eI PERSONEL GENEL M\u00dcD\u00dcRL\u00dc\u011e\u00dc DUYURDU<\/p>\n<p>Adalet Bakanl\u0131\u011f\u0131 Personel Genel M\u00fcd\u00fcrl\u00fc\u011f\u00fc, sosyal medya hesab\u0131 \u00fczerinden yapt\u0131\u011f\u0131 a\u00e7\u0131klamada Kurum \u0130dari Kurulu Toplant\u0131s\u0131\u2019n\u0131n ger\u00e7ekle\u015ftirildi\u011fini duyurdu.<\/p>\n<p>\u00a0<\/p>\n<p><img loading=\"lazy\" decoding=\"async\" loading=\"lazy\" class=\"alignnone size-medium wp-image-171678\" src=\"https:\/\/www.son.tv\/wp-content\/uploads\/2026\/04\/IMG_0216-226x300.png\" alt=\"\" width=\"226\" height=\"300\" \/><\/p>\n<p>A\u00e7\u0131klamada, toplant\u0131n\u0131n Adalet Bakan Yard\u0131mc\u0131s\u0131 Abdullah Aydo\u011fdu ba\u015fkanl\u0131\u011f\u0131nda yap\u0131ld\u0131\u011f\u0131 belirtilirken; ilgili birim yetkilileri ile Adalet Bakanl\u0131\u011f\u0131 Kamu \u0130\u015fveren Vekilleri ve B\u00fcro Memurlar\u0131 Sendikas\u0131 temsilcilerinin toplant\u0131ya kat\u0131ld\u0131\u011f\u0131 ifade edildi.<\/p>\n<p>Toplant\u0131n\u0131n g\u00fcndeminde, Adalet Bakanl\u0131\u011f\u0131 personelinin mali, sosyal ve \u00f6zl\u00fck haklar\u0131 ile kariyer planlamas\u0131na ili\u015fkin konular\u0131n yer ald\u0131\u011f\u0131 vurguland\u0131.<\/p>\n<p>\u00a0<\/p>\n<p><img loading=\"lazy\" decoding=\"async\" loading=\"lazy\" class=\"alignnone size-medium wp-image-171670\" src=\"https:\/\/www.son.tv\/wp-content\/uploads\/2026\/04\/IMG_0205-300x200.jpeg\" alt=\"\" width=\"300\" height=\"200\" \/><del>s<\/del><\/p>\n<p>PERSONEL HAKLARI VE KAR\u0130YER PLANLAMASI MASADA<\/p>\n<p>Kurum \u0130dari Kurulu Toplant\u0131s\u0131\u2019nda, personel haklar\u0131n\u0131n geli\u015ftirilmesine y\u00f6nelik ba\u015fl\u0131klar ele al\u0131nd\u0131.<\/p>\n<p>Toplant\u0131da ayr\u0131ca \u00e7al\u0131\u015fma hayat\u0131n\u0131n iyile\u015ftirilmesi, personel memnuniyetinin art\u0131r\u0131lmas\u0131 ve kurumsal kapasitenin g\u00fc\u00e7lendirilmesine y\u00f6nelik taleplerin de\u011ferlendirildi\u011fi bildirildi.<\/p>\n<p>Adalet Bakanl\u0131\u011f\u0131 b\u00fcnyesinde g\u00f6rev yapan personelin \u00f6zl\u00fck haklar\u0131n\u0131n g\u00fc\u00e7lendirilmesi ve kariyer planlamas\u0131n\u0131n daha etkin hale getirilmesi i\u00e7in yap\u0131labilecek d\u00fczenlemeler \u00fczerinde duruldu.<\/p>\n<p>\u00a0<\/p>\n<p>\u00a0<\/p>\n<p><img loading=\"lazy\" decoding=\"async\" loading=\"lazy\" class=\"alignnone size-medium wp-image-171671\" src=\"https:\/\/www.son.tv\/wp-content\/uploads\/2026\/04\/IMG_0206-300x200.jpeg\" alt=\"\" width=\"300\" height=\"200\" \/><\/p>\n<p>[contact-form]<\/p>\n<p><img loading=\"lazy\" decoding=\"async\" loading=\"lazy\" class=\"alignnone size-medium wp-image-171679\" src=\"https:\/\/www.son.tv\/wp-content\/uploads\/2026\/04\/IMG_0209-182x300.png\" alt=\"\" width=\"182\" height=\"300\" \/><\/p>\n<p>\u00a0<\/p>\n<p>ABDULLAH AYDO\u011eDU: \u201cPERSONEL\u0130M\u0130Z\u0130N HAKLARINI G\u00dc\u00c7LEND\u0130RMEY\u0130 HEDEFL\u0130YORUZ\u201d<\/p>\n<p>Adalet Bakan Yard\u0131mc\u0131s\u0131 Abdullah Aydo\u011fdu da toplant\u0131ya ili\u015fkin sosyal medya hesab\u0131 \u00fczerinden a\u00e7\u0131klamada bulundu.<\/p>\n<p>Aydo\u011fdu a\u00e7\u0131klamas\u0131nda, personelin mali, sosyal ve \u00f6zl\u00fck haklar\u0131 ile kariyer planlamas\u0131na ili\u015fkin konular\u0131n kapsaml\u0131 \u015fekilde ele al\u0131nd\u0131\u011f\u0131n\u0131 belirtti.<\/p>\n<p>Toplant\u0131da \u00e7al\u0131\u015fma hayat\u0131n\u0131n daha da iyile\u015ftirilmesine y\u00f6nelik taleplerin de\u011ferlendirildi\u011fini ifade eden Aydo\u011fdu, personel haklar\u0131n\u0131n g\u00fc\u00e7lendirilmesi ve kurumsal kapasitenin art\u0131r\u0131lmas\u0131na y\u00f6nelik ba\u015fl\u0131klar\u0131n g\u00fcndeme al\u0131nd\u0131\u011f\u0131n\u0131 kaydetti.<\/p>\n<p>\u00a0<\/p>\n<p><img loading=\"lazy\" decoding=\"async\" loading=\"lazy\" class=\"alignnone size-medium wp-image-171673\" src=\"https:\/\/www.son.tv\/wp-content\/uploads\/2026\/04\/IMG_0207-300x200.jpeg\" alt=\"\" width=\"300\" height=\"200\" \/><\/p>\n<p>\u00c7ALI\u015eAN MEMNUN\u0130YET\u0130 VE \u00c7ALI\u015eMA BARI\u015eI VURGUSU<\/p>\n<p>Aydo\u011fdu a\u00e7\u0131klamas\u0131n\u0131n devam\u0131nda, Adalet Bakanl\u0131\u011f\u0131\u2019n\u0131n \u00e7al\u0131\u015fan memnuniyetini ve \u00e7al\u0131\u015fma bar\u0131\u015f\u0131n\u0131 esas alan bir anlay\u0131\u015fla hareket etti\u011fini vurgulad\u0131.<\/p>\n<p>Bakanl\u0131k olarak t\u00fcm payda\u015flarla i\u015f birli\u011fi i\u00e7erisinde \u00e7al\u0131\u015fmalar\u0131n s\u00fcrd\u00fcr\u00fclece\u011fini belirten Aydo\u011fdu\u2019nun mesaj\u0131, personel odakl\u0131 politikalar\u0131n devam edece\u011fi \u015feklinde de\u011ferlendirildi.<\/p>\n<p>\u00a0<\/p>\n<p><img loading=\"lazy\" decoding=\"async\" loading=\"lazy\" class=\"alignnone size-medium wp-image-171674\" src=\"https:\/\/www.son.tv\/wp-content\/uploads\/2026\/04\/IMG_0203-300x200.jpeg\" alt=\"\" width=\"300\" height=\"200\" \/><\/p>\n<p>ET\u0130KETLER:<\/p>\n<p>#AdaletBakanl\u0131\u011f\u0131 #PersonelGenelM\u00fcd\u00fcrl\u00fc\u011f\u00fc #AbdullahAydo\u011fdu #PersonelHaklar\u0131 #KariyerPlanlamas\u0131 #Kurum\u0130dariKurulu #Yarg\u0131 #MemurHaklar\u0131<\/p>\n<p>Adalet Bakanl\u0131\u011f\u0131 Personel Genel M\u00fcd\u00fcrl\u00fc\u011f\u00fc taraf\u0131ndan duyurulan Kurum \u0130dari Kurulu Toplant\u0131s\u0131\u2019nda, personelin mali, sosyal ve \u00f6zl\u00fck haklar\u0131 ile kariyer planlamas\u0131na ili\u015fkin ba\u015fl\u0131klar ele al\u0131nd\u0131. Toplant\u0131ya Adalet Bakan Yard\u0131mc\u0131s\u0131 Abdullah Aydo\u011fdu ba\u015fkanl\u0131k etti.\u00a0<a href=\"https:\/\/www.son.tv\/adalet-bakanliginda-kritik-toplanti-personel-haklarinda-neler-degisecek\/\" target=\"_blank\" class=\"feedzy-rss-link-icon\">Read More<\/a><\/p>","protected":false},"excerpt":{"rendered":"<p>ADALET ADALET BAKANLI\u011eI\u2019NDA KR\u0130T\u0130K TOPLANTI: PERSONEL HAKLARINDA NELER DE\u011e\u0130\u015eECEK?BAKANLI\u011eI PERSONEL GENEL M\u00dcD\u00dcRL\u00dc\u011e\u00dc DUYURDU Adalet Bakanl\u0131\u011f\u0131 Personel Genel M\u00fcd\u00fcrl\u00fc\u011f\u00fc, sosyal medya hesab\u0131 \u00fczerinden yapt\u0131\u011f\u0131 a\u00e7\u0131klamada Kurum \u0130dari Kurulu Toplant\u0131s\u0131\u2019n\u0131n ger\u00e7ekle\u015ftirildi\u011fini duyurdu. \u00a0 A\u00e7\u0131klamada, toplant\u0131n\u0131n Adalet Bakan Yard\u0131mc\u0131s\u0131 Abdullah Aydo\u011fdu ba\u015fkanl\u0131\u011f\u0131nda yap\u0131ld\u0131\u011f\u0131 belirtilirken; ilgili birim yetkilileri ile Adalet Bakanl\u0131\u011f\u0131 Kamu \u0130\u015fveren Vekilleri ve B\u00fcro Memurlar\u0131 Sendikas\u0131 temsilcilerinin [&hellip;]<\/p>\n","protected":false},"author":1,"featured_media":27879,"comment_status":"open","ping_status":"open","sticky":false,"template":"","format":"standard","meta":{"footnotes":"","_links_to":"","_links_to_target":""},"categories":[1],"tags":[],"class_list":["post-27878","post","type-post","status-publish","format-standard","has-post-thumbnail","hentry","category-haberler"],"_links":{"self":[{"href":"https:\/\/www.abchukuk.com\/index.php\/wp-json\/wp\/v2\/posts\/27878","targetHints":{"allow":["GET"]}}],"collection":[{"href":"https:\/\/www.abchukuk.com\/index.php\/wp-json\/wp\/v2\/posts"}],"about":[{"href":"https:\/\/www.abchukuk.com\/index.php\/wp-json\/wp\/v2\/types\/post"}],"author":[{"embeddable":true,"href":"https:\/\/www.abchukuk.com\/index.php\/wp-json\/wp\/v2\/users\/1"}],"replies":[{"embeddable":true,"href":"https:\/\/www.abchukuk.com\/index.php\/wp-json\/wp\/v2\/comments?post=27878"}],"version-history":[{"count":0,"href":"https:\/\/www.abchukuk.com\/index.php\/wp-json\/wp\/v2\/posts\/27878\/revisions"}],"wp:featuredmedia":[{"embeddable":true,"href":"https:\/\/www.abchukuk.com\/index.php\/wp-json\/wp\/v2\/media\/27879"}],"wp:attachment":[{"href":"https:\/\/www.abchukuk.com\/index.php\/wp-json\/wp\/v2\/media?parent=27878"}],"wp:term":[{"taxonomy":"category","embeddable":true,"href":"https:\/\/www.abchukuk.com\/index.php\/wp-json\/wp\/v2\/categories?post=27878"},{"taxonomy":"post_tag","embeddable":true,"href":"https:\/\/www.abchukuk.com\/index.php\/wp-json\/wp\/v2\/tags?post=27878"}],"curies":[{"name":"wp","href":"https:\/\/api.w.org\/{rel}","templated":true}]}}