{"id":27877,"date":"2026-04-29T19:28:12","date_gmt":"2026-04-29T19:28:12","guid":{"rendered":"https:\/\/www.abchukuk.com\/index.php\/2026\/04\/29\/adalette-dev-alim-karari15-bin-personel-tek-seferde-alinacak\/"},"modified":"2026-04-29T19:28:12","modified_gmt":"2026-04-29T19:28:12","slug":"adalette-dev-alim-karari15-bin-personel-tek-seferde-alinacak","status":"publish","type":"post","link":"https:\/\/www.abchukuk.com\/index.php\/2026\/04\/29\/adalette-dev-alim-karari15-bin-personel-tek-seferde-alinacak\/","title":{"rendered":"ADALETTE DEV ALIM KARARI15 B\u0130N PERSONEL TEK SEFERDE ALINACAK"},"content":{"rendered":"<p><strong>SONTV \u00d6ZEL HABER<\/strong><\/p>\n<p class=\"p2\">Adalet sisteminin insan kayna\u011f\u0131na y\u00f6nelik en kritik ad\u0131mlardan biri netle\u015fti. Ak\u0131n G\u00fcrlek, daha \u00f6nce iki a\u015famada yap\u0131lmas\u0131 planlanan personel al\u0131m\u0131n\u0131n tek kalemde ger\u00e7ekle\u015ftirilece\u011fini a\u00e7\u0131klad\u0131.<\/p>\n<p class=\"p1\"><strong>SONTV\u2019N\u0130N ED\u0130ND\u0130\u011e\u0130 B\u0130LG\u0130LER S\u00dcREC\u0130 NETLE\u015eT\u0130RD\u0130<\/strong><\/p>\n<p class=\"p2\"><strong>SONTV\u2019nin Adalet Bakanl\u0131\u011f\u0131 kaynaklar\u0131ndan elde etti\u011fi bilgilere g\u00f6re<\/strong>, uzun s\u00fcredir planlanan 10 bin + 5 bin \u015feklindeki personel al\u0131m\u0131 modeli tamamen de\u011fi\u015ftirildi. Sahadan gelen yo\u011fun ihtiya\u00e7, adliyelerde artan i\u015f y\u00fck\u00fc ve yarg\u0131 s\u00fcre\u00e7lerinin h\u0131zland\u0131r\u0131lmas\u0131 hedefi do\u011frultusunda al\u0131m\u0131n tek seferde yap\u0131lmas\u0131na karar verildi.<\/p>\n<p class=\"p2\">Bu karar\u0131n, \u00f6zellikle b\u00fcy\u00fck\u015fehir adliyeleri ba\u015fta olmak \u00fczere bir\u00e7ok b\u00f6lgede ya\u015fanan personel yetersizli\u011fine do\u011frudan m\u00fcdahale anlam\u0131 ta\u015f\u0131d\u0131\u011f\u0131 belirtiliyor.<\/p>\n<p class=\"p1\"><strong>TEK PAR\u00c7A ALIM MODEL\u0130NE GE\u00c7\u0130LD\u0130<\/strong><\/p>\n<p class=\"p2\">Bakan G\u00fcrlek ile yap\u0131lan g\u00f6r\u00fc\u015fmede de bu yeni model netlik kazand\u0131. Par\u00e7a par\u00e7a al\u0131m yerine tek seferde geni\u015f kapsaml\u0131 bir ilan s\u00fcreci y\u00fcr\u00fct\u00fclecek. B\u00f6ylece hem planlama s\u00fcreci sadele\u015fecek hem de g\u00f6revlendirmeler daha h\u0131zl\u0131 yap\u0131labilecek.<\/p>\n<p class=\"p1\"><strong>DUYURU MAYISIN \u0130LK YARISINDA<\/strong><\/p>\n<p class=\"p2\">15 bin ki\u015filik al\u0131m i\u00e7in resmi ilan takvimi de belirlenmi\u015f durumda. May\u0131s ay\u0131n\u0131n ilk yar\u0131s\u0131nda duyuruya \u00e7\u0131k\u0131lmas\u0131 bekleniyor. S\u00fcrecin h\u0131zland\u0131r\u0131lmas\u0131yla birlikte ba\u015fvuru ve yerle\u015ftirme takviminin de \u00f6nceki planlamaya g\u00f6re daha k\u0131sa tutulaca\u011f\u0131 ifade ediliyor.<\/p>\n<p class=\"p1\"><strong>YARGIYA NEFES ALDIRACAK ADIM<\/strong><\/p>\n<p class=\"p3\">Tek seferde yap\u0131lacak bu b\u00fcy\u00fck al\u0131m\u0131n, mahkemelerdeki dosya yo\u011funlu\u011funu azaltmas\u0131, kalem hizmetlerini h\u0131zland\u0131rmas\u0131 ve \u00f6zellikle kritik soru\u015fturmalarda gecikmeleri minimize etmesi bekleniyor. Yarg\u0131 kulislerinde bu ad\u0131m, \u201csisteme do\u011frudan nefes ald\u0131racak hamle\u201d olarak de\u011ferlendiriliyor.<\/p>\n<p>SONTV \u00d6ZEL HABER Adalet sisteminin insan kayna\u011f\u0131na y\u00f6nelik en kritik ad\u0131mlardan biri netle\u015fti. Ak\u0131n G\u00fcrlek, daha \u00f6nce iki a\u015famada yap\u0131lmas\u0131 planlanan personel al\u0131m\u0131n\u0131n tek kalemde ger\u00e7ekle\u015ftirilece\u011fini a\u00e7\u0131klad\u0131. SONTV\u2019N\u0130N ED\u0130ND\u0130\u011e\u0130 B\u0130LG\u0130LER S\u00dcREC\u0130 NETLE\u015eT\u0130RD\u0130 SONTV\u2019nin Adalet Bakanl\u0131\u011f\u0131 kaynaklar\u0131ndan elde etti\u011fi bilgilere g\u00f6re, uzun s\u00fcredir planlanan 10 bin + 5 bin \u015feklindeki personel al\u0131m\u0131 modeli tamamen de\u011fi\u015ftirildi. Sahadan\u00a0<a href=\"https:\/\/www.son.tv\/adalette-dev-alim-karari15-bin-personel-tek-seferde-alinacak\/\" target=\"_blank\" class=\"feedzy-rss-link-icon\">Read More<\/a><\/p>","protected":false},"excerpt":{"rendered":"<p>SONTV \u00d6ZEL HABER Adalet sisteminin insan kayna\u011f\u0131na y\u00f6nelik en kritik ad\u0131mlardan biri netle\u015fti. Ak\u0131n G\u00fcrlek, daha \u00f6nce iki a\u015famada yap\u0131lmas\u0131 planlanan personel al\u0131m\u0131n\u0131n tek kalemde ger\u00e7ekle\u015ftirilece\u011fini a\u00e7\u0131klad\u0131. SONTV\u2019N\u0130N ED\u0130ND\u0130\u011e\u0130 B\u0130LG\u0130LER S\u00dcREC\u0130 NETLE\u015eT\u0130RD\u0130 SONTV\u2019nin Adalet Bakanl\u0131\u011f\u0131 kaynaklar\u0131ndan elde etti\u011fi bilgilere g\u00f6re, uzun s\u00fcredir planlanan 10 bin + 5 bin \u015feklindeki personel al\u0131m\u0131 modeli tamamen de\u011fi\u015ftirildi. Sahadan [&hellip;]<\/p>\n","protected":false},"author":1,"featured_media":0,"comment_status":"open","ping_status":"open","sticky":false,"template":"","format":"standard","meta":{"footnotes":"","_links_to":"","_links_to_target":""},"categories":[1],"tags":[],"class_list":["post-27877","post","type-post","status-publish","format-standard","hentry","category-haberler"],"_links":{"self":[{"href":"https:\/\/www.abchukuk.com\/index.php\/wp-json\/wp\/v2\/posts\/27877","targetHints":{"allow":["GET"]}}],"collection":[{"href":"https:\/\/www.abchukuk.com\/index.php\/wp-json\/wp\/v2\/posts"}],"about":[{"href":"https:\/\/www.abchukuk.com\/index.php\/wp-json\/wp\/v2\/types\/post"}],"author":[{"embeddable":true,"href":"https:\/\/www.abchukuk.com\/index.php\/wp-json\/wp\/v2\/users\/1"}],"replies":[{"embeddable":true,"href":"https:\/\/www.abchukuk.com\/index.php\/wp-json\/wp\/v2\/comments?post=27877"}],"version-history":[{"count":0,"href":"https:\/\/www.abchukuk.com\/index.php\/wp-json\/wp\/v2\/posts\/27877\/revisions"}],"wp:attachment":[{"href":"https:\/\/www.abchukuk.com\/index.php\/wp-json\/wp\/v2\/media?parent=27877"}],"wp:term":[{"taxonomy":"category","embeddable":true,"href":"https:\/\/www.abchukuk.com\/index.php\/wp-json\/wp\/v2\/categories?post=27877"},{"taxonomy":"post_tag","embeddable":true,"href":"https:\/\/www.abchukuk.com\/index.php\/wp-json\/wp\/v2\/tags?post=27877"}],"curies":[{"name":"wp","href":"https:\/\/api.w.org\/{rel}","templated":true}]}}