{"id":27869,"date":"2026-04-29T18:33:00","date_gmt":"2026-04-29T18:33:00","guid":{"rendered":"https:\/\/www.abchukuk.com\/index.php\/2026\/04\/29\/yerine-kayyim-atanan-hakkari-belediye-es-baskani-akisa-19-yil-6-ay-hapis-cezasi-verildi\/"},"modified":"2026-04-29T18:33:00","modified_gmt":"2026-04-29T18:33:00","slug":"yerine-kayyim-atanan-hakkari-belediye-es-baskani-akisa-19-yil-6-ay-hapis-cezasi-verildi","status":"publish","type":"post","link":"https:\/\/www.abchukuk.com\/index.php\/2026\/04\/29\/yerine-kayyim-atanan-hakkari-belediye-es-baskani-akisa-19-yil-6-ay-hapis-cezasi-verildi\/","title":{"rendered":"Yerine kayy\u0131m atanan Hakkari Belediye E\u015f Ba\u015fkan\u0131 Ak\u0131\u015f\u2019a 19 y\u0131l 6 ay hapis cezas\u0131 verildi"},"content":{"rendered":"<p>Yerine kayy\u0131m atanan Hakkari Belediye E\u015f Ba\u015fkan\u0131 S\u0131dd\u0131k Ak\u0131\u015f, hakk\u0131nda a\u00e7\u0131lan \u201cter\u00f6r \u00f6rg\u00fct\u00fc y\u00f6neticili\u011fi\u201d su\u00e7lamas\u0131nda yarg\u0131land\u0131\u011f\u0131 davada 19 y\u0131l 6 ay hapis cezas\u0131na \u00e7arp\u0131t\u0131ld\u0131.Yerine kayy\u0131m atanan Hakkari Belediye E\u015f Ba\u015fkan\u0131 S\u0131dd\u0131k Ak\u0131\u015f, hakk\u0131nda a\u00e7\u0131lan \u201cter\u00f6r \u00f6rg\u00fct\u00fc y\u00f6neticili\u011fi\u201d su\u00e7lamas\u0131nda yarg\u0131land\u0131\u011f\u0131 davada 19 y\u0131l 6 ay hapis cezas\u0131na \u00e7arp\u0131t\u0131ld\u0131.\u00a0<a href=\"https:\/\/www.cumhuriyet.com.tr\/turkiye\/yerine-kayyim-atanan-hakkari-belediye-es-baskani-akis-a-19-yil-6-ay-hapis-cezasi-verildi-2499636\" target=\"_blank\" class=\"feedzy-rss-link-icon\">Read More<\/a><\/p>","protected":false},"excerpt":{"rendered":"<p>Yerine kayy\u0131m atanan Hakkari Belediye E\u015f Ba\u015fkan\u0131 S\u0131dd\u0131k Ak\u0131\u015f, hakk\u0131nda a\u00e7\u0131lan \u201cter\u00f6r \u00f6rg\u00fct\u00fc y\u00f6neticili\u011fi\u201d su\u00e7lamas\u0131nda yarg\u0131land\u0131\u011f\u0131 davada 19 y\u0131l 6 ay hapis cezas\u0131na \u00e7arp\u0131t\u0131ld\u0131.Yerine kayy\u0131m atanan Hakkari Belediye E\u015f Ba\u015fkan\u0131 S\u0131dd\u0131k Ak\u0131\u015f, hakk\u0131nda a\u00e7\u0131lan \u201cter\u00f6r \u00f6rg\u00fct\u00fc y\u00f6neticili\u011fi\u201d su\u00e7lamas\u0131nda yarg\u0131land\u0131\u011f\u0131 davada 19 y\u0131l 6 ay hapis cezas\u0131na \u00e7arp\u0131t\u0131ld\u0131.\u00a0Read More<\/p>\n","protected":false},"author":1,"featured_media":27870,"comment_status":"open","ping_status":"open","sticky":false,"template":"","format":"standard","meta":{"footnotes":"","_links_to":"","_links_to_target":""},"categories":[1],"tags":[],"class_list":["post-27869","post","type-post","status-publish","format-standard","has-post-thumbnail","hentry","category-haberler"],"_links":{"self":[{"href":"https:\/\/www.abchukuk.com\/index.php\/wp-json\/wp\/v2\/posts\/27869","targetHints":{"allow":["GET"]}}],"collection":[{"href":"https:\/\/www.abchukuk.com\/index.php\/wp-json\/wp\/v2\/posts"}],"about":[{"href":"https:\/\/www.abchukuk.com\/index.php\/wp-json\/wp\/v2\/types\/post"}],"author":[{"embeddable":true,"href":"https:\/\/www.abchukuk.com\/index.php\/wp-json\/wp\/v2\/users\/1"}],"replies":[{"embeddable":true,"href":"https:\/\/www.abchukuk.com\/index.php\/wp-json\/wp\/v2\/comments?post=27869"}],"version-history":[{"count":0,"href":"https:\/\/www.abchukuk.com\/index.php\/wp-json\/wp\/v2\/posts\/27869\/revisions"}],"wp:featuredmedia":[{"embeddable":true,"href":"https:\/\/www.abchukuk.com\/index.php\/wp-json\/wp\/v2\/media\/27870"}],"wp:attachment":[{"href":"https:\/\/www.abchukuk.com\/index.php\/wp-json\/wp\/v2\/media?parent=27869"}],"wp:term":[{"taxonomy":"category","embeddable":true,"href":"https:\/\/www.abchukuk.com\/index.php\/wp-json\/wp\/v2\/categories?post=27869"},{"taxonomy":"post_tag","embeddable":true,"href":"https:\/\/www.abchukuk.com\/index.php\/wp-json\/wp\/v2\/tags?post=27869"}],"curies":[{"name":"wp","href":"https:\/\/api.w.org\/{rel}","templated":true}]}}