{"id":27866,"date":"2026-04-29T16:10:00","date_gmt":"2026-04-29T16:10:00","guid":{"rendered":"https:\/\/www.abchukuk.com\/index.php\/2026\/04\/29\/sadece-evet-evet-demektir-avrupa-parlamentosu-cinsel-saldiri-suclarinda-riza-esasli-duzenlemeyi-kabul-etti\/"},"modified":"2026-04-29T16:10:00","modified_gmt":"2026-04-29T16:10:00","slug":"sadece-evet-evet-demektir-avrupa-parlamentosu-cinsel-saldiri-suclarinda-riza-esasli-duzenlemeyi-kabul-etti","status":"publish","type":"post","link":"https:\/\/www.abchukuk.com\/index.php\/2026\/04\/29\/sadece-evet-evet-demektir-avrupa-parlamentosu-cinsel-saldiri-suclarinda-riza-esasli-duzenlemeyi-kabul-etti\/","title":{"rendered":"Sadece \u2018evet\u2019, evet demektir! Avrupa Parlamentosu cinsel sald\u0131r\u0131 su\u00e7lar\u0131nda r\u0131za esasl\u0131 d\u00fczenlemeyi kabul etti"},"content":{"rendered":"<p>Avrupa Parlamentosu, cinsel istismar su\u00e7lar\u0131nda \u201ca\u00e7\u0131k r\u0131za\u201dy\u0131 esas alan d\u00fczenlemeyi kabul etti; ma\u011fdurun diren\u00e7 g\u00f6sterme veya darp izi kan\u0131tlama zorunlulu\u011fu kald\u0131r\u0131l\u0131yor.Avrupa Parlamentosu, cinsel istismar su\u00e7lar\u0131nda \u201ca\u00e7\u0131k r\u0131za\u201dy\u0131 esas alan d\u00fczenlemeyi kabul etti; ma\u011fdurun diren\u00e7 g\u00f6sterme veya darp izi kan\u0131tlama zorunlulu\u011fu kald\u0131r\u0131l\u0131yor.\u00a0<a href=\"https:\/\/www.cumhuriyet.com.tr\/dunya\/sadece-evet-evet-demektir-avrupa-parlamentosu-cinsel-saldiri-suclarinda-riza-esasli-duzenlemeyi-kabul-etti-2499612\" target=\"_blank\" class=\"feedzy-rss-link-icon\">Read More<\/a><\/p>","protected":false},"excerpt":{"rendered":"<p>Avrupa Parlamentosu, cinsel istismar su\u00e7lar\u0131nda \u201ca\u00e7\u0131k r\u0131za\u201dy\u0131 esas alan d\u00fczenlemeyi kabul etti; ma\u011fdurun diren\u00e7 g\u00f6sterme veya darp izi kan\u0131tlama zorunlulu\u011fu kald\u0131r\u0131l\u0131yor.Avrupa Parlamentosu, cinsel istismar su\u00e7lar\u0131nda \u201ca\u00e7\u0131k r\u0131za\u201dy\u0131 esas alan d\u00fczenlemeyi kabul etti; ma\u011fdurun diren\u00e7 g\u00f6sterme veya darp izi kan\u0131tlama zorunlulu\u011fu kald\u0131r\u0131l\u0131yor.\u00a0Read More<\/p>\n","protected":false},"author":1,"featured_media":27867,"comment_status":"open","ping_status":"open","sticky":false,"template":"","format":"standard","meta":{"footnotes":"","_links_to":"","_links_to_target":""},"categories":[1],"tags":[],"class_list":["post-27866","post","type-post","status-publish","format-standard","has-post-thumbnail","hentry","category-haberler"],"_links":{"self":[{"href":"https:\/\/www.abchukuk.com\/index.php\/wp-json\/wp\/v2\/posts\/27866","targetHints":{"allow":["GET"]}}],"collection":[{"href":"https:\/\/www.abchukuk.com\/index.php\/wp-json\/wp\/v2\/posts"}],"about":[{"href":"https:\/\/www.abchukuk.com\/index.php\/wp-json\/wp\/v2\/types\/post"}],"author":[{"embeddable":true,"href":"https:\/\/www.abchukuk.com\/index.php\/wp-json\/wp\/v2\/users\/1"}],"replies":[{"embeddable":true,"href":"https:\/\/www.abchukuk.com\/index.php\/wp-json\/wp\/v2\/comments?post=27866"}],"version-history":[{"count":0,"href":"https:\/\/www.abchukuk.com\/index.php\/wp-json\/wp\/v2\/posts\/27866\/revisions"}],"wp:featuredmedia":[{"embeddable":true,"href":"https:\/\/www.abchukuk.com\/index.php\/wp-json\/wp\/v2\/media\/27867"}],"wp:attachment":[{"href":"https:\/\/www.abchukuk.com\/index.php\/wp-json\/wp\/v2\/media?parent=27866"}],"wp:term":[{"taxonomy":"category","embeddable":true,"href":"https:\/\/www.abchukuk.com\/index.php\/wp-json\/wp\/v2\/categories?post=27866"},{"taxonomy":"post_tag","embeddable":true,"href":"https:\/\/www.abchukuk.com\/index.php\/wp-json\/wp\/v2\/tags?post=27866"}],"curies":[{"name":"wp","href":"https:\/\/api.w.org\/{rel}","templated":true}]}}