{"id":27862,"date":"2026-04-29T16:54:08","date_gmt":"2026-04-29T16:54:08","guid":{"rendered":"https:\/\/www.abchukuk.com\/index.php\/2026\/04\/29\/ozel-haber-bu-dugun-adalet-ve-siyasetin-bulusma-noktasi-olacak\/"},"modified":"2026-04-29T16:54:08","modified_gmt":"2026-04-29T16:54:08","slug":"ozel-haber-bu-dugun-adalet-ve-siyasetin-bulusma-noktasi-olacak","status":"publish","type":"post","link":"https:\/\/www.abchukuk.com\/index.php\/2026\/04\/29\/ozel-haber-bu-dugun-adalet-ve-siyasetin-bulusma-noktasi-olacak\/","title":{"rendered":"\u00d6ZEL HABER! BU D\u00dc\u011e\u00dcN ADALET VE S\u0130YASET\u0130N BULU\u015eMA NOKTASI OLACAK!"},"content":{"rendered":"<p>\u00a0<\/p>\n<p><strong>SON TV \u2013 \u00d6ZEL HABER<\/strong><\/p>\n<p>\u00a0<\/p>\n<p>Adalet eski Bakan Yard\u0131mc\u0131s\u0131 Ramazan Can\u2019\u0131n k\u0131z\u0131 Elif Sena Can ile Furkan Ya\u015fbay\u2019\u0131n d\u00fc\u011f\u00fcn\u00fc, Ankara\u2019da sadece bir aile mutlulu\u011fu de\u011fil, ayn\u0131 zamanda yarg\u0131 ve siyaset d\u00fcnyas\u0131n\u0131n kritik bulu\u015fmalar\u0131ndan biri olmaya haz\u0131rlan\u0131yor. Ba\u015fkent kulislerinde konu\u015fulanlara g\u00f6re d\u00fc\u011f\u00fcn t\u00f6renine y\u00fcksek yarg\u0131dan \u00f6nemli isimlerin yan\u0131 s\u0131ra b\u00fcrokrasi ve siyaset \u00e7evrelerinden geni\u015f kat\u0131l\u0131m bekleniyor.<\/p>\n<p>T\u00d6REN PROGRAMI NETLE\u015eT\u0130<\/p>\n<p>16 May\u0131s 2026 Cumartesi g\u00fcn\u00fc Ankara \u0130ncek\u2019te bulunan \u0130ncek Apple Garden\u2019da ger\u00e7ekle\u015ftirilecek d\u00fc\u011f\u00fcn i\u00e7in detayl\u0131 bir program haz\u0131rland\u0131. Saat 18.30\u2019da davetlilerin kabul\u00fcyle ba\u015flayacak organizasyonda, 19.00\u2019da kokteyl, 19.30\u2019da nik\u00e2h merasimi ve 20.00 itibar\u0131yla yemek ve kutlama program\u0131na ge\u00e7ilecek. Organizasyonun ak\u0131\u015f\u0131, davetlilerin yo\u011fun kat\u0131l\u0131m\u0131 g\u00f6z \u00f6n\u00fcnde bulundurularak planland\u0131.<\/p>\n<p><img fetchpriority=\"high\" decoding=\"async\" class=\"size-full wp-image-171649\" src=\"https:\/\/www.son.tv\/wp-content\/uploads\/2026\/04\/d9f8ecee-9d6b-443a-a756-9bb0ab3654e1.png\" width=\"1092\" height=\"1440\" \/><\/p>\n<p>A\u0130LELER\u0130N EV SAH\u0130PL\u0130\u011e\u0130 D\u0130KKAT \u00c7EK\u0130YOR<\/p>\n<p>D\u00fc\u011f\u00fcn, Can Ailesi ile Ya\u015fbay Ailesi\u2019nin ev sahipli\u011finde ger\u00e7ekle\u015ftirilecek. Gelin taraf\u0131nda Senem ve Ramazan Can, damat taraf\u0131nda ise \u00dcmm\u00fchan ve \u00dcnver Ya\u015fbay\u2019\u0131n ev sahipli\u011fi yapaca\u011f\u0131 organizasyon, ailelerin yak\u0131n \u00e7evresi kadar Ankara\u2019n\u0131n \u00f6nemli isimlerini de bir araya getirecek.<\/p>\n<p>15 TEMMUZ VURGUSU YEN\u0130DEN G\u00dcNDEMDE<\/p>\n<p>Adalet ve Kalk\u0131nma Partisi K\u0131r\u0131kkale Milletvekilli\u011fi de yapan Ramazan Can\u2019\u0131n, 15 Temmuz darbe giri\u015fimi gecesinde T\u00fcrkiye B\u00fcy\u00fck Millet Meclisi\u2019nde sergiledi\u011fi duru\u015f d\u00fc\u011f\u00fcn \u00f6ncesi yeniden g\u00fcndeme geldi. O gece Meclis\u2019te bulunan ve Fetullah\u00e7\u0131 yap\u0131lanmaya kar\u015f\u0131 verilen m\u00fccadelede aktif rol \u00fcstlenen Can\u2019\u0131n, Meclis\u2019teki direni\u015fin sembol isimlerinden biri olarak \u00f6ne \u00e7\u0131kt\u0131\u011f\u0131 biliniyor.<\/p>\n<p>BA\u015eKENT KUL\u0130SLER\u0130 HAREKETL\u0130<\/p>\n<p>Yarg\u0131 ve siyaset d\u00fcnyas\u0131ndan \u00fcst d\u00fczey kat\u0131l\u0131m beklentisi, d\u00fc\u011f\u00fcn\u00fc ba\u015fkent kulislerinin de oda\u011f\u0131na ta\u015f\u0131d\u0131. Ankara\u2019da g\u00f6zlerin \u00e7evrildi\u011fi bu organizasyonun, sadece bir d\u00fc\u011f\u00fcn olman\u0131n \u00f6tesinde, \u00f6nemli temaslara ve yeni diyaloglara zemin haz\u0131rlayabilece\u011fi ifade ediliyor. \u00d6zellikle yarg\u0131 camias\u0131ndaki kritik isimlerin ayn\u0131 ortamda bulunacak olmas\u0131, kulislerde \u201cgizli zirve\u201d yorumlar\u0131na neden oluyor.<\/p>\n<p>\u00a0<\/p>\n<p><img decoding=\"async\" class=\"alignnone size-medium wp-image-171645\" src=\"https:\/\/www.son.tv\/wp-content\/uploads\/2026\/04\/d5fd7d0e-d6c5-4d47-b6fa-ee8b0ec3b134-213x300.jpeg\" alt=\"\" width=\"213\" height=\"300\" \/><\/p>\n<hr \/>\n<p>\u00a0<\/p>\n<p>ET\u0130KETLER:<br \/>\n#Ankara #RamazanCan #ElifSenaCan #FurkanYa\u015fbay #D\u00fc\u011f\u00fcn #Yarg\u0131 #Siyaset #Ba\u015fkentKulisleri #15Temmuz #B\u00fcrokrasi<\/p>\n<p>Ba\u015fkent Ankara\u2019da ger\u00e7ekle\u015fecek bu dikkat \u00e7ekici d\u00fc\u011f\u00fcn, sadece iki ailenin mutlulu\u011funu de\u011fil; yarg\u0131, siyaset ve b\u00fcrokrasinin \u00fcst d\u00fczey isimlerini bir araya getirecek kritik bir bulu\u015fma olarak \u00f6ne \u00e7\u0131k\u0131yor. Kulislere g\u00f6re organizasyon, \u00f6nemli temaslara sahne olabilecek nitelikte.\u00a0<a href=\"https:\/\/www.son.tv\/ozel-haber-bu-dugun-adalet-ve-siyasetin-bulusma-noktasi-olacak\/\" target=\"_blank\" class=\"feedzy-rss-link-icon\">Read More<\/a><\/p>","protected":false},"excerpt":{"rendered":"<p>\u00a0 SON TV \u2013 \u00d6ZEL HABER \u00a0 Adalet eski Bakan Yard\u0131mc\u0131s\u0131 Ramazan Can\u2019\u0131n k\u0131z\u0131 Elif Sena Can ile Furkan Ya\u015fbay\u2019\u0131n d\u00fc\u011f\u00fcn\u00fc, Ankara\u2019da sadece bir aile mutlulu\u011fu de\u011fil, ayn\u0131 zamanda yarg\u0131 ve siyaset d\u00fcnyas\u0131n\u0131n kritik bulu\u015fmalar\u0131ndan biri olmaya haz\u0131rlan\u0131yor. Ba\u015fkent kulislerinde konu\u015fulanlara g\u00f6re d\u00fc\u011f\u00fcn t\u00f6renine y\u00fcksek yarg\u0131dan \u00f6nemli isimlerin yan\u0131 s\u0131ra b\u00fcrokrasi ve siyaset \u00e7evrelerinden geni\u015f [&hellip;]<\/p>\n","protected":false},"author":1,"featured_media":27863,"comment_status":"open","ping_status":"open","sticky":false,"template":"","format":"standard","meta":{"footnotes":"","_links_to":"","_links_to_target":""},"categories":[1],"tags":[],"class_list":["post-27862","post","type-post","status-publish","format-standard","has-post-thumbnail","hentry","category-haberler"],"_links":{"self":[{"href":"https:\/\/www.abchukuk.com\/index.php\/wp-json\/wp\/v2\/posts\/27862","targetHints":{"allow":["GET"]}}],"collection":[{"href":"https:\/\/www.abchukuk.com\/index.php\/wp-json\/wp\/v2\/posts"}],"about":[{"href":"https:\/\/www.abchukuk.com\/index.php\/wp-json\/wp\/v2\/types\/post"}],"author":[{"embeddable":true,"href":"https:\/\/www.abchukuk.com\/index.php\/wp-json\/wp\/v2\/users\/1"}],"replies":[{"embeddable":true,"href":"https:\/\/www.abchukuk.com\/index.php\/wp-json\/wp\/v2\/comments?post=27862"}],"version-history":[{"count":0,"href":"https:\/\/www.abchukuk.com\/index.php\/wp-json\/wp\/v2\/posts\/27862\/revisions"}],"wp:featuredmedia":[{"embeddable":true,"href":"https:\/\/www.abchukuk.com\/index.php\/wp-json\/wp\/v2\/media\/27863"}],"wp:attachment":[{"href":"https:\/\/www.abchukuk.com\/index.php\/wp-json\/wp\/v2\/media?parent=27862"}],"wp:term":[{"taxonomy":"category","embeddable":true,"href":"https:\/\/www.abchukuk.com\/index.php\/wp-json\/wp\/v2\/categories?post=27862"},{"taxonomy":"post_tag","embeddable":true,"href":"https:\/\/www.abchukuk.com\/index.php\/wp-json\/wp\/v2\/tags?post=27862"}],"curies":[{"name":"wp","href":"https:\/\/api.w.org\/{rel}","templated":true}]}}