{"id":27860,"date":"2026-04-29T16:57:00","date_gmt":"2026-04-29T16:57:00","guid":{"rendered":"https:\/\/www.abchukuk.com\/index.php\/2026\/04\/29\/kayip-kadin-ahirda-olu-bulundu-damadi-gozaltinda\/"},"modified":"2026-04-29T16:57:00","modified_gmt":"2026-04-29T16:57:00","slug":"kayip-kadin-ahirda-olu-bulundu-damadi-gozaltinda","status":"publish","type":"post","link":"https:\/\/www.abchukuk.com\/index.php\/2026\/04\/29\/kayip-kadin-ahirda-olu-bulundu-damadi-gozaltinda\/","title":{"rendered":"Kay\u0131p Kad\u0131n Ah\u0131rda \u00d6l\u00fc Bulundu, Damad\u0131 G\u00f6zalt\u0131nda"},"content":{"rendered":"<p><a href=\"https:\/\/www.gercekgundem.com\/guncel\/kayip-kadin-ahirda-olu-bulundu-damadi-gozaltinda-570616\"><br \/>\n                                                            <img decoding=\"async\" src=\"https:\/\/i.gercekgundem.com\/2\/150\/84\/storage\/files\/images\/2026\/03\/03\/girilmez-duqn.jpg\" width=\"150\" height=\"84\" border=\"0\" align=\"right\" \/><br \/>\n                                                    <\/a><\/p>\n<h4>Ardahan&#8217;da kay\u0131p olarak aranan kad\u0131n evinin ah\u0131r\u0131nda \u00f6l\u00fc halde bulundu. Ba\u015f\u0131na darbe ald\u0131\u011f\u0131 belirlenen kad\u0131n\u0131n damad\u0131 g\u00f6zalt\u0131na al\u0131nd\u0131.<\/h4>\n<p>Ardahan&#8217;da kay\u0131p olarak aranan kad\u0131n evinin ah\u0131r\u0131nda \u00f6l\u00fc halde bulundu. Ba\u015f\u0131na darbe ald\u0131\u011f\u0131 belirlenen kad\u0131n\u0131n damad\u0131 g\u00f6zalt\u0131na al\u0131nd\u0131.\u00a0<a href=\"https:\/\/www.gercekgundem.com\/guncel\/kayip-kadin-ahirda-olu-bulundu-damadi-gozaltinda-570616\" target=\"_blank\" class=\"feedzy-rss-link-icon\">Read More<\/a><\/p>","protected":false},"excerpt":{"rendered":"<p>Ardahan&#8217;da kay\u0131p olarak aranan kad\u0131n evinin ah\u0131r\u0131nda \u00f6l\u00fc halde bulundu. Ba\u015f\u0131na darbe ald\u0131\u011f\u0131 belirlenen kad\u0131n\u0131n damad\u0131 g\u00f6zalt\u0131na al\u0131nd\u0131. Ardahan&#8217;da kay\u0131p olarak aranan kad\u0131n evinin ah\u0131r\u0131nda \u00f6l\u00fc halde bulundu. Ba\u015f\u0131na darbe ald\u0131\u011f\u0131 belirlenen kad\u0131n\u0131n damad\u0131 g\u00f6zalt\u0131na al\u0131nd\u0131.\u00a0Read More<\/p>\n","protected":false},"author":1,"featured_media":27861,"comment_status":"open","ping_status":"open","sticky":false,"template":"","format":"standard","meta":{"footnotes":"","_links_to":"","_links_to_target":""},"categories":[1],"tags":[],"class_list":["post-27860","post","type-post","status-publish","format-standard","has-post-thumbnail","hentry","category-haberler"],"_links":{"self":[{"href":"https:\/\/www.abchukuk.com\/index.php\/wp-json\/wp\/v2\/posts\/27860","targetHints":{"allow":["GET"]}}],"collection":[{"href":"https:\/\/www.abchukuk.com\/index.php\/wp-json\/wp\/v2\/posts"}],"about":[{"href":"https:\/\/www.abchukuk.com\/index.php\/wp-json\/wp\/v2\/types\/post"}],"author":[{"embeddable":true,"href":"https:\/\/www.abchukuk.com\/index.php\/wp-json\/wp\/v2\/users\/1"}],"replies":[{"embeddable":true,"href":"https:\/\/www.abchukuk.com\/index.php\/wp-json\/wp\/v2\/comments?post=27860"}],"version-history":[{"count":0,"href":"https:\/\/www.abchukuk.com\/index.php\/wp-json\/wp\/v2\/posts\/27860\/revisions"}],"wp:featuredmedia":[{"embeddable":true,"href":"https:\/\/www.abchukuk.com\/index.php\/wp-json\/wp\/v2\/media\/27861"}],"wp:attachment":[{"href":"https:\/\/www.abchukuk.com\/index.php\/wp-json\/wp\/v2\/media?parent=27860"}],"wp:term":[{"taxonomy":"category","embeddable":true,"href":"https:\/\/www.abchukuk.com\/index.php\/wp-json\/wp\/v2\/categories?post=27860"},{"taxonomy":"post_tag","embeddable":true,"href":"https:\/\/www.abchukuk.com\/index.php\/wp-json\/wp\/v2\/tags?post=27860"}],"curies":[{"name":"wp","href":"https:\/\/api.w.org\/{rel}","templated":true}]}}