{"id":27856,"date":"2026-04-29T15:00:18","date_gmt":"2026-04-29T15:00:18","guid":{"rendered":"https:\/\/www.abchukuk.com\/index.php\/2026\/04\/29\/son-tv-ozel-haber-12-hukuk-dairesinde-nefes-kesen-final-ayhan-tuncal-son-turda-farki-acti\/"},"modified":"2026-04-29T15:00:18","modified_gmt":"2026-04-29T15:00:18","slug":"son-tv-ozel-haber-12-hukuk-dairesinde-nefes-kesen-final-ayhan-tuncal-son-turda-farki-acti","status":"publish","type":"post","link":"https:\/\/www.abchukuk.com\/index.php\/2026\/04\/29\/son-tv-ozel-haber-12-hukuk-dairesinde-nefes-kesen-final-ayhan-tuncal-son-turda-farki-acti\/","title":{"rendered":"SON TV-\u00d6ZEL HABER! 12. HUKUK DA\u0130RES\u0130\u2019NDE NEFES KESEN F\u0130NAL! AYHAN TUNCAL SON TURDA FARKI A\u00c7TI!"},"content":{"rendered":"<p>SON TV \u2013 \u00d6ZEL HABER<\/p>\n<p>\u00a0<\/p>\n<p>7. VE 8. TURLARDA DENGE KURULDU<br \/>\nF\u0130NAL TURUNDA BLOKLAR \u00c7\u00d6Z\u00dcLD\u00dc<\/p>\n<p>Yarg\u0131tay 12. Hukuk Dairesi Ba\u015fkanl\u0131\u011f\u0131 se\u00e7iminde g\u00fcnlerdir s\u00fcren kritik yar\u0131\u015f, son iki turda ya\u015fanan sert k\u0131r\u0131lma ile tamamland\u0131. S\u00fcrecin en belirleyici a\u015famalar\u0131 olan 7. ve 8. turlar ile final turu, daire i\u00e7indeki g\u00fc\u00e7 dengelerinin nas\u0131l de\u011fi\u015fti\u011fini a\u00e7\u0131k \u015fekilde ortaya koydu.<\/p>\n<p>27 Nisan tarihli 7. turda se\u00e7im adeta kilitlendi. Ayhan Tuncal 155 oy al\u0131rken, \u015eanver Kele\u015f 132 oyda kald\u0131. Kat\u0131l\u0131m 296 olarak ger\u00e7ekle\u015fti. Bu turda Tuncal \u00f6nde olsa da fark s\u0131n\u0131rl\u0131 kald\u0131 ve Kele\u015f\u2019in h\u00e2l\u00e2 yar\u0131\u015f\u0131n i\u00e7inde oldu\u011fu g\u00f6r\u00fcld\u00fc.<\/p>\n<p>28 Nisan\u2019da yap\u0131lan 8. turda tablo b\u00fcy\u00fck \u00f6l\u00e7\u00fcde korundu ancak kat\u0131l\u0131m artt\u0131. Tuncal 157 oya \u00e7\u0131karken, Kele\u015f 137 oy ald\u0131. Kat\u0131l\u0131m 301\u2019e y\u00fckseldi. Bu turda dikkat \u00e7eken unsur, iki aday\u0131n da kemik oylar\u0131n\u0131 korumas\u0131 ve hen\u00fcz b\u00fcy\u00fck bir kopu\u015f ya\u015fanmamas\u0131 oldu. Daire i\u00e7indeki bloklar\u0131n hen\u00fcz net bir tercih yapmad\u0131\u011f\u0131, dengelerin korundu\u011fu bir a\u015fama olarak kayda ge\u00e7ti.<\/p>\n<p>F\u0130NAL TURUNDA SESS\u0130Z KALAN BLOKLAR DEVREYE G\u0130RD\u0130<br \/>\nSE\u00c7\u0130M\u0130N KADER\u0130 SON ANDA DE\u011e\u0130\u015eT\u0130<\/p>\n<p>29 Nisan\u2019daki final turu ise se\u00e7im s\u00fcrecinin en kritik k\u0131r\u0131lmas\u0131n\u0131n ya\u015fand\u0131\u011f\u0131 a\u015fama oldu. \u00d6nceki turlarda dengede ilerleyen oy da\u011f\u0131l\u0131m\u0131 bu kez belirgin \u015fekilde ayr\u0131\u015ft\u0131.<\/p>\n<p>Ayhan Tuncal oylar\u0131n\u0131 168\u2019e y\u00fckselterek fark\u0131 a\u00e7t\u0131, \u015eanver Kele\u015f ise 136 oyda kald\u0131. Kat\u0131l\u0131m\u0131n 311\u2019e \u00e7\u0131kt\u0131\u011f\u0131 final turunda bo\u015f ve ge\u00e7ersiz oylar\u0131n d\u00fc\u015f\u00fck kalmas\u0131, tercihlerin netle\u015fti\u011fini g\u00f6sterdi.<\/p>\n<p>\u00d6zellikle Tuncal\u2019\u0131n 8. turdaki 157 oydan final turunda 168 oya \u00e7\u0131kmas\u0131, se\u00e7imde belirleyici olan blok oylar\u0131n y\u00f6n de\u011fi\u015ftirdi\u011fini ortaya koydu. Bu art\u0131\u015f, sadece bireysel tercihlerle de\u011fil, organize oy ge\u00e7i\u015fleriyle a\u00e7\u0131klanabilecek bir tablo olarak de\u011ferlendiriliyor.<\/p>\n<p>SON TV KUL\u0130SLER\u0130<br \/>\nSE\u00c7\u0130M SON \u0130K\u0130 TURDA YAZILDI<\/p>\n<p>SON TV\u2019nin yarg\u0131 kulislerinden edindi\u011fi bilgilere g\u00f6re; 7. ve 8. turlar boyunca beklemede kalan baz\u0131 gruplar, final turu \u00f6ncesinde net pozisyon ald\u0131. Bu blok hareket, se\u00e7im sonucunu do\u011frudan belirledi.<\/p>\n<p>Kulislerde, son tur \u00f6ncesinde yap\u0131lan yo\u011fun temaslar\u0131n ve perde arkas\u0131 g\u00f6r\u00fc\u015fmelerin, oylar\u0131n y\u00f6n\u00fcn\u00fc de\u011fi\u015ftirdi\u011fi konu\u015fuluyor. \u00d6zellikle karars\u0131z kalan \u00fcyelerin b\u00fcy\u00fck b\u00f6l\u00fcm\u00fcn\u00fcn son anda tercih de\u011fi\u015ftirmesi, fark\u0131n a\u00e7\u0131lmas\u0131na neden oldu.<\/p>\n<p>BU SE\u00c7\u0130M SADECE B\u0130R BA\u015eKANLIK YARI\u015eI DE\u011e\u0130L<br \/>\nYARGITAY\u2019DA YEN\u0130 DENGELER\u0130N HABERC\u0130S\u0130<\/p>\n<p>Ayhan Tuncal\u2019\u0131n ba\u015fkan se\u00e7ilmesi, yaln\u0131zca bir daire i\u00e7i g\u00f6rev de\u011fi\u015fimi olarak g\u00f6r\u00fclm\u00fcyor. Bu sonu\u00e7, Yarg\u0131tay\u2019daki g\u00fc\u00e7 dengelerinin yeniden \u015fekillendi\u011fine dair g\u00fc\u00e7l\u00fc bir mesaj olarak de\u011ferlendiriliyor.<\/p>\n<p>\u00d6n\u00fcm\u00fczdeki s\u00fcre\u00e7te yap\u0131lacak Ba\u015fkanl\u0131k Divan\u0131 se\u00e7imleri ve di\u011fer daire ba\u015fkanl\u0131k yar\u0131\u015flar\u0131 \u00f6ncesinde bu sonucun etkilerinin daha da belirgin hale gelmesi bekleniyor.<\/p>\n<p>12. Hukuk Dairesi\u2019nde ya\u015fanan bu se\u00e7im, Yarg\u0131tay\u2019da yakla\u015fan daha b\u00fcy\u00fck m\u00fccadelenin ilk net i\u015fareti olarak kay\u0131tlara ge\u00e7ti.<\/p>\n<p>ET\u0130KETLER:<br \/>\n#Yarg\u0131tay<br \/>\n#12HukukDairesi<br \/>\n#AyhanTuncal<br \/>\n#\u015eanverKele\u015f<br \/>\n#Yarg\u0131Se\u00e7imi<br \/>\n#Yarg\u0131Kulisleri<br \/>\n#DaireBa\u015fkanl\u0131\u011f\u0131<br \/>\n#Y\u00fcksekYarg\u0131<br \/>\n#AdaletG\u00fcndemi<br \/>\n#Yarg\u0131daDenge<br \/>\n#SonTv\u00d6zel<br \/>\n#Se\u00e7imAnalizi<br \/>\n#Yarg\u0131Haberleri<br \/>\n#AnkaraKulisleri<br \/>\n#HukukG\u00fcndemi<\/p>\n<p>Yarg\u0131tay 12. Hukuk Dairesi Ba\u015fkanl\u0131k se\u00e7imi tamamland\u0131.\u0130ki aday\u0131n yar\u0131\u015ft\u0131\u011f\u0131 ve 311 \u00fcyenin oy kulland\u0131\u011f\u0131 Ba\u015fkanl\u0131k se\u00e7iminin 9. turunda 168 oy alan Ayhan Tuncal 12. Hukuk Dairesi&#8217;nin yeni Ba\u015fkan\u0131 oldu.Di\u011fer aday \u015eanver Kele\u015f ise 136 oyda kald\u0131.Yarg\u0131n\u0131n sesi Son.Tv bu \u00f6nemli geli\u015fmenin,detaylar\u0131n\u0131 \u00f6zel bilgilerle yazd\u0131.\u00a0<a href=\"https:\/\/www.son.tv\/yargitay-12-hukuk-dairesi-baskani-ayhan-tuncal-oldu\/\" target=\"_blank\" class=\"feedzy-rss-link-icon\">Read More<\/a><\/p>","protected":false},"excerpt":{"rendered":"<p>SON TV \u2013 \u00d6ZEL HABER \u00a0 7. VE 8. TURLARDA DENGE KURULDU F\u0130NAL TURUNDA BLOKLAR \u00c7\u00d6Z\u00dcLD\u00dc Yarg\u0131tay 12. Hukuk Dairesi Ba\u015fkanl\u0131\u011f\u0131 se\u00e7iminde g\u00fcnlerdir s\u00fcren kritik yar\u0131\u015f, son iki turda ya\u015fanan sert k\u0131r\u0131lma ile tamamland\u0131. S\u00fcrecin en belirleyici a\u015famalar\u0131 olan 7. ve 8. turlar ile final turu, daire i\u00e7indeki g\u00fc\u00e7 dengelerinin nas\u0131l de\u011fi\u015fti\u011fini a\u00e7\u0131k \u015fekilde ortaya [&hellip;]<\/p>\n","protected":false},"author":1,"featured_media":0,"comment_status":"open","ping_status":"open","sticky":false,"template":"","format":"standard","meta":{"footnotes":"","_links_to":"","_links_to_target":""},"categories":[1],"tags":[],"class_list":["post-27856","post","type-post","status-publish","format-standard","hentry","category-haberler"],"_links":{"self":[{"href":"https:\/\/www.abchukuk.com\/index.php\/wp-json\/wp\/v2\/posts\/27856","targetHints":{"allow":["GET"]}}],"collection":[{"href":"https:\/\/www.abchukuk.com\/index.php\/wp-json\/wp\/v2\/posts"}],"about":[{"href":"https:\/\/www.abchukuk.com\/index.php\/wp-json\/wp\/v2\/types\/post"}],"author":[{"embeddable":true,"href":"https:\/\/www.abchukuk.com\/index.php\/wp-json\/wp\/v2\/users\/1"}],"replies":[{"embeddable":true,"href":"https:\/\/www.abchukuk.com\/index.php\/wp-json\/wp\/v2\/comments?post=27856"}],"version-history":[{"count":0,"href":"https:\/\/www.abchukuk.com\/index.php\/wp-json\/wp\/v2\/posts\/27856\/revisions"}],"wp:attachment":[{"href":"https:\/\/www.abchukuk.com\/index.php\/wp-json\/wp\/v2\/media?parent=27856"}],"wp:term":[{"taxonomy":"category","embeddable":true,"href":"https:\/\/www.abchukuk.com\/index.php\/wp-json\/wp\/v2\/categories?post=27856"},{"taxonomy":"post_tag","embeddable":true,"href":"https:\/\/www.abchukuk.com\/index.php\/wp-json\/wp\/v2\/tags?post=27856"}],"curies":[{"name":"wp","href":"https:\/\/api.w.org\/{rel}","templated":true}]}}