{"id":27852,"date":"2026-04-29T15:15:00","date_gmt":"2026-04-29T15:15:00","guid":{"rendered":"https:\/\/www.abchukuk.com\/index.php\/2026\/04\/29\/genc-kadin-darbedilip-hastaneye-birakilmisti-yargitay-agirlastirilmis-muebbet-hapis-cezasini-bozdu\/"},"modified":"2026-04-29T15:15:00","modified_gmt":"2026-04-29T15:15:00","slug":"genc-kadin-darbedilip-hastaneye-birakilmisti-yargitay-agirlastirilmis-muebbet-hapis-cezasini-bozdu","status":"publish","type":"post","link":"https:\/\/www.abchukuk.com\/index.php\/2026\/04\/29\/genc-kadin-darbedilip-hastaneye-birakilmisti-yargitay-agirlastirilmis-muebbet-hapis-cezasini-bozdu\/","title":{"rendered":"Gen\u00e7 kad\u0131n darbedilip hastaneye b\u0131rak\u0131lm\u0131\u015ft\u0131\u2026 Yarg\u0131tay a\u011f\u0131rla\u015ft\u0131r\u0131lm\u0131\u015f m\u00fcebbet hapis cezas\u0131n\u0131 bozdu!"},"content":{"rendered":"<p>Mersin\u2019de darbedildikten sonra b\u0131rak\u0131ld\u0131\u011f\u0131 hastanede hayat\u0131n\u0131 kaybeden Esra Asena Temir davas\u0131nda verilen a\u011f\u0131rla\u015ft\u0131r\u0131lm\u0131\u015f m\u00fcebbet hapis cezas\u0131, Yarg\u0131tay taraf\u0131ndan \u201chukuka ayk\u0131r\u0131\u201d bulunarak bozuldu.Mersin\u2019de darbedildikten sonra b\u0131rak\u0131ld\u0131\u011f\u0131 hastanede hayat\u0131n\u0131 kaybeden Esra Asena Temir davas\u0131nda verilen a\u011f\u0131rla\u015ft\u0131r\u0131lm\u0131\u015f m\u00fcebbet hapis cezas\u0131, Yarg\u0131tay taraf\u0131ndan \u201chukuka ayk\u0131r\u0131\u201d bulunarak bozuldu.\u00a0<a href=\"https:\/\/www.cumhuriyet.com.tr\/turkiye\/genc-kadin-darbedilip-hastaneye-birakilmisti-yargitay-agirlastirilmis-muebbet-hapis-cezasini-bozdu-2499603\" target=\"_blank\" class=\"feedzy-rss-link-icon\">Read More<\/a><\/p>","protected":false},"excerpt":{"rendered":"<p>Mersin\u2019de darbedildikten sonra b\u0131rak\u0131ld\u0131\u011f\u0131 hastanede hayat\u0131n\u0131 kaybeden Esra Asena Temir davas\u0131nda verilen a\u011f\u0131rla\u015ft\u0131r\u0131lm\u0131\u015f m\u00fcebbet hapis cezas\u0131, Yarg\u0131tay taraf\u0131ndan \u201chukuka ayk\u0131r\u0131\u201d bulunarak bozuldu.Mersin\u2019de darbedildikten sonra b\u0131rak\u0131ld\u0131\u011f\u0131 hastanede hayat\u0131n\u0131 kaybeden Esra Asena Temir davas\u0131nda verilen a\u011f\u0131rla\u015ft\u0131r\u0131lm\u0131\u015f m\u00fcebbet hapis cezas\u0131, Yarg\u0131tay taraf\u0131ndan \u201chukuka ayk\u0131r\u0131\u201d bulunarak bozuldu.\u00a0Read More<\/p>\n","protected":false},"author":1,"featured_media":27853,"comment_status":"open","ping_status":"open","sticky":false,"template":"","format":"standard","meta":{"footnotes":"","_links_to":"","_links_to_target":""},"categories":[1],"tags":[],"class_list":["post-27852","post","type-post","status-publish","format-standard","has-post-thumbnail","hentry","category-haberler"],"_links":{"self":[{"href":"https:\/\/www.abchukuk.com\/index.php\/wp-json\/wp\/v2\/posts\/27852","targetHints":{"allow":["GET"]}}],"collection":[{"href":"https:\/\/www.abchukuk.com\/index.php\/wp-json\/wp\/v2\/posts"}],"about":[{"href":"https:\/\/www.abchukuk.com\/index.php\/wp-json\/wp\/v2\/types\/post"}],"author":[{"embeddable":true,"href":"https:\/\/www.abchukuk.com\/index.php\/wp-json\/wp\/v2\/users\/1"}],"replies":[{"embeddable":true,"href":"https:\/\/www.abchukuk.com\/index.php\/wp-json\/wp\/v2\/comments?post=27852"}],"version-history":[{"count":0,"href":"https:\/\/www.abchukuk.com\/index.php\/wp-json\/wp\/v2\/posts\/27852\/revisions"}],"wp:featuredmedia":[{"embeddable":true,"href":"https:\/\/www.abchukuk.com\/index.php\/wp-json\/wp\/v2\/media\/27853"}],"wp:attachment":[{"href":"https:\/\/www.abchukuk.com\/index.php\/wp-json\/wp\/v2\/media?parent=27852"}],"wp:term":[{"taxonomy":"category","embeddable":true,"href":"https:\/\/www.abchukuk.com\/index.php\/wp-json\/wp\/v2\/categories?post=27852"},{"taxonomy":"post_tag","embeddable":true,"href":"https:\/\/www.abchukuk.com\/index.php\/wp-json\/wp\/v2\/tags?post=27852"}],"curies":[{"name":"wp","href":"https:\/\/api.w.org\/{rel}","templated":true}]}}